{"id":138894,"date":"2025-11-04T07:22:25","date_gmt":"2025-11-04T07:22:25","guid":{"rendered":"https:\/\/www.europesays.com\/pt\/138894\/"},"modified":"2025-11-04T07:22:25","modified_gmt":"2025-11-04T07:22:25","slug":"cela-lopes-comemora-o-aniversario-com-festa-luxuosa-em-sao-paulo","status":"publish","type":"post","link":"https:\/\/www.europesays.com\/pt\/138894\/","title":{"rendered":"Cela Lopes comemora o anivers\u00e1rio com festa luxuosa em S\u00e3o Paulo"},"content":{"rendered":"<p>A influenciadora digital <a href=\"https:\/\/caras.com.br\/tags\/cela-lopes\" target=\"_blank\" rel=\"noopener nofollow\"><strong>Cela Lopes<\/strong><\/a> comemorou seu anivers\u00e1rio de 24 anos em grande estilo. Nesta segunda-feira, 3, ela reuniu celebridades, familiares e amigos para comemorar a data especial com uma festa luxuosa no Pal\u00e1cio Tangar\u00e1, em S\u00e3o Paulo.<\/p>\n<p>O local do evento contou com uma decora\u00e7\u00e3o sofisticada, com muitas flores brancas, lustres gigantes, mesas postas e o espa\u00e7o de buffet. O bolo da aniversariante, com tr\u00eas andares e na cor azul-marinho, conta com uma decora\u00e7\u00e3o minimalista e elegante.<\/p>\n<p>Para a festa de anivers\u00e1rio, Cela surgiu com um vestido longo deslumbrante, com um decote nas costas e uma abertura na lateral. Ela complementou a produ\u00e7\u00e3o com uma sand\u00e1lia de salto alto, acess\u00f3rios e prendeu o cabelo com um coque. A influencer tamb\u00e9m posou com o namorado, o empres\u00e1rio <strong>Jo\u00e3o Brasio<\/strong>.<\/p>\n<p><strong>Confira as fotos:\u00a0<\/strong><\/p>\n<p>\t <img loading=\"lazy\" decoding=\"async\" class=\"size-full wp-image-1026354 img-fluid lazy\" alt=\"Cela Lopes - Foto: Leo Franco \/ AgNews\" width=\"2048\" height=\"1365\" src=\"https:\/\/www.europesays.com\/pt\/wp-content\/uploads\/2025\/11\/Cela-Lopes-e-Joao-Brasio-16.jpg\"  \/>Cela Lopes \u2013 Foto: Leo Franco \/ AgNews <img loading=\"lazy\" decoding=\"async\" class=\"size-full wp-image-1026353 img-fluid lazy\" alt=\"Cela Lopes - Foto: Leo Franco \/ AgNews\" width=\"1365\" height=\"2048\" src=\"https:\/\/www.europesays.com\/pt\/wp-content\/uploads\/2025\/11\/Cela-Lopes-e-Joao-Brasio-13.jpg\"  \/>Cela Lopes \u2013 Foto: Leo Franco \/ AgNews <img loading=\"lazy\" decoding=\"async\" class=\"size-full wp-image-1026352 img-fluid lazy\" alt=\"Cela Lopes - Foto: Leo Franco \/ AgNews\" width=\"2048\" height=\"1365\" src=\"https:\/\/www.europesays.com\/pt\/wp-content\/uploads\/2025\/11\/Cela-Lopes-e-Joao-Brasio-7.jpg\"  \/>Cela Lopes \u2013 Foto: Leo Franco \/ AgNews <img loading=\"lazy\" decoding=\"async\" class=\"size-full wp-image-1026355 img-fluid lazy\" alt=\"Cela Lopes - Foto: Leo Franco \/ AgNews\" width=\"2048\" height=\"1365\" src=\"https:\/\/www.europesays.com\/pt\/wp-content\/uploads\/2025\/11\/Cela-Lopes-e-Joao-Brasio-18.jpg\"  \/>Cela Lopes \u2013 Foto: Leo Franco \/ AgNews <img loading=\"lazy\" decoding=\"async\" class=\"size-full wp-image-1026356 img-fluid lazy\" alt=\"Cela Lopes - Foto: Leo Franco \/ AgNews\" width=\"1365\" height=\"2048\" src=\"https:\/\/www.europesays.com\/pt\/wp-content\/uploads\/2025\/11\/Cela-Lopes-e-Joao-Brasio-23.jpg\"  \/>Cela Lopes \u2013 Foto: Leo Franco \/ AgNews <img loading=\"lazy\" decoding=\"async\" class=\"size-full wp-image-1026351 img-fluid lazy\" alt=\"Jo\u00e3o Brasio e Cela Lopes - Foto: Leo Franco \/ AgNews\" width=\"2048\" height=\"1365\" src=\"https:\/\/www.europesays.com\/pt\/wp-content\/uploads\/2025\/11\/Cela-Lopes-e-Joao-Brasio-2.jpg\"  \/>Jo\u00e3o Brasio e Cela Lopes \u2013 Foto: Leo Franco \/ AgNews <img loading=\"lazy\" decoding=\"async\" class=\"size-full wp-image-1026357 img-fluid lazy\" alt=\"Festa de Cela Lopes - Foto: Clayton Felizardo \/ Brazilnews\" width=\"2300\" height=\"1533\" src=\"https:\/\/www.europesays.com\/pt\/wp-content\/uploads\/2025\/11\/festa-de-Cela-Lopes-2.jpg\"  \/>Festa de Cela Lopes \u2013 Foto: Clayton Felizardo \/ Brazilnews <img loading=\"lazy\" decoding=\"async\" class=\"size-full wp-image-1026358 img-fluid lazy\" alt=\"Festa de Cela Lopes - Foto: Clayton Felizardo \/ Brazilnews\" width=\"2300\" height=\"1493\" src=\"https:\/\/www.europesays.com\/pt\/wp-content\/uploads\/2025\/11\/festa-de-Cela-Lopes-3.jpg\"  \/>Festa de Cela Lopes \u2013 Foto: Clayton Felizardo \/ Brazilnews <img loading=\"lazy\" decoding=\"async\" class=\"size-full wp-image-1026359 img-fluid lazy\" alt=\"Festa de Cela Lopes - Foto: Clayton Felizardo \/ Brazilnews\" width=\"2300\" height=\"1834\" src=\"https:\/\/www.europesays.com\/pt\/wp-content\/uploads\/2025\/11\/festa-de-Cela-Lopes-4.jpg\"  \/>Festa de Cela Lopes \u2013 Foto: Clayton Felizardo \/ Brazilnews <img loading=\"lazy\" decoding=\"async\" class=\"size-full wp-image-1026360 img-fluid lazy\" alt=\"Festa de Cela Lopes - Foto: Clayton Felizardo \/ Brazilnews\" width=\"2300\" height=\"1533\" src=\"https:\/\/www.europesays.com\/pt\/wp-content\/uploads\/2025\/11\/festa-de-Cela-Lopes-5.jpg\"  \/>Festa de Cela Lopes \u2013 Foto: Clayton Felizardo \/ Brazilnews <img loading=\"lazy\" decoding=\"async\" class=\"size-full wp-image-1026361 img-fluid lazy\" alt=\"Festa de Cela Lopes - Foto: Clayton Felizardo \/ Brazilnews\" width=\"1707\" height=\"2560\" src=\"https:\/\/www.europesays.com\/pt\/wp-content\/uploads\/2025\/11\/festa-de-Cela-Lopes-6-scaled.jpeg\"  \/>Festa de Cela Lopes \u2013 Foto: Clayton Felizardo \/ Brazilnews <img loading=\"lazy\" decoding=\"async\" class=\"size-full wp-image-1026362 img-fluid lazy\" alt=\"Festa de Cela Lopes - Foto: Clayton Felizardo \/ Brazilnews\" width=\"2300\" height=\"1698\" src=\"https:\/\/www.europesays.com\/pt\/wp-content\/uploads\/2025\/11\/festa-de-Cela-Lopes-7.jpg\"  \/>Festa de Cela Lopes \u2013 Foto: Clayton Felizardo \/ Brazilnews <img loading=\"lazy\" decoding=\"async\" class=\"size-full wp-image-1026363 img-fluid lazy\" alt=\"Festa de Cela Lopes - Foto: Clayton Felizardo \/ Brazilnews\" width=\"2560\" height=\"1707\" src=\"https:\/\/www.europesays.com\/pt\/wp-content\/uploads\/2025\/11\/festa-de-Cela-Lopes-8-scaled.jpeg\"  \/>Festa de Cela Lopes \u2013 Foto: Clayton Felizardo \/ Brazilnews <img loading=\"lazy\" decoding=\"async\" class=\"size-full wp-image-1026364 img-fluid lazy\" alt=\"Festa de Cela Lopes - Foto: Clayton Felizardo \/ Brazilnews\" width=\"2300\" height=\"1533\" src=\"https:\/\/www.europesays.com\/pt\/wp-content\/uploads\/2025\/11\/festa-de-Cela-Lopes-9.jpg\"  \/>Festa de Cela Lopes \u2013 Foto: Clayton Felizardo \/ Brazilnews <img loading=\"lazy\" decoding=\"async\" class=\"size-full wp-image-1026365 img-fluid lazy\" alt=\"Festa de Cela Lopes - Foto: Clayton Felizardo \/ Brazilnews\" width=\"2300\" height=\"1606\" src=\"https:\/\/www.europesays.com\/pt\/wp-content\/uploads\/2025\/11\/festa-de-Cela-Lopes.jpg\"  \/>Festa de Cela Lopes \u2013 Foto: Clayton Felizardo \/ Brazilnews  <\/p>\n<p>Em entrevista a CARAS Brasil, Cela Lopes falou sobre a escolha do Pal\u00e1cio Tangar\u00e1 para realizar o seu anivers\u00e1rio. \u201cH\u00e1 muito tempo eu j\u00e1 ouvia falar sobre o espa\u00e7o, mas, sinceramente, nunca imaginei que um dia poderia nem tomar um caf\u00e9, quem dir\u00e1 fazer uma festa! Quando percebi que isso seria poss\u00edvel, entendi que era o cen\u00e1rio perfeito pra representar uma nova fase da minha vida\u201d, disse ela.\u00a0<strong><a href=\"https:\/\/caras.com.br\/atualidades\/cela-lopes-fala-sobre-os-preparativos-da-festa-de-aniversario-muito-luxuoso.phtml\" target=\"_blank\" rel=\"noopener nofollow\">Saiba mais!<\/a><\/strong><\/p>\n<p><strong>Leia tamb\u00e9m:<\/strong> <a href=\"https:\/\/caras.com.br\/festas\/marrone-se-emociona-ao-comemorar-60-anos-com-festa-luxuosa-em-goiania-veja-fotos.phtml\" target=\"_blank\" rel=\"noopener nofollow\">Marrone se emociona ao comemorar 60 anos com festa luxuosa em Goi\u00e2nia; veja fotos<\/a><\/p>\n<p>        <a href=\"https:\/\/caras.com.br\/autor\/daniela-santos\" rel=\"nofollow noopener\" target=\"_blank\">&#13;<br \/>\n          <img loading=\"lazy\" decoding=\"async\" alt=\"Daniela Santos\" src=\"https:\/\/www.europesays.com\/pt\/wp-content\/uploads\/2025\/09\/1758949148_187_daniela-santos_sqmd.jpg\" class=\"avatar avatar-115 photo rounded-circle\" height=\"115\" width=\"115\"\/>        <\/a><\/p>\n<p><b>Daniela Santos<\/b> \u00e9 rep\u00f3rter do site CARAS. Formada em jornalismo pela FIAM FAAM, atua na \u00e1rea de celebridades e TV desde 2018<\/p>\n","protected":false},"excerpt":{"rendered":"A influenciadora digital Cela Lopes comemorou seu anivers\u00e1rio de 24 anos em grande estilo. Nesta segunda-feira, 3, ela&hellip;\n","protected":false},"author":2,"featured_media":138895,"comment_status":"","ping_status":"","sticky":false,"template":"","format":"standard","meta":{"footnotes":""},"categories":[145],"tags":[996,30976,211,210,9022,114,115,6831,9734,32,33],"class_list":{"0":"post-138894","1":"post","2":"type-post","3":"status-publish","4":"format-standard","5":"has-post-thumbnail","7":"category-celebridades","8":"tag-aniversario","9":"tag-cela-lopes","10":"tag-celebridades","11":"tag-celebrities","12":"tag-comemoracao","13":"tag-entertainment","14":"tag-entretenimento","15":"tag-festa","16":"tag-festa-de-aniversario","17":"tag-portugal","18":"tag-pt"},"share_on_mastodon":{"url":"https:\/\/pubeurope.com\/@pt\/115490230098590152","error":""},"_links":{"self":[{"href":"https:\/\/www.europesays.com\/pt\/wp-json\/wp\/v2\/posts\/138894","targetHints":{"allow":["GET"]}}],"collection":[{"href":"https:\/\/www.europesays.com\/pt\/wp-json\/wp\/v2\/posts"}],"about":[{"href":"https:\/\/www.europesays.com\/pt\/wp-json\/wp\/v2\/types\/post"}],"author":[{"embeddable":true,"href":"https:\/\/www.europesays.com\/pt\/wp-json\/wp\/v2\/users\/2"}],"replies":[{"embeddable":true,"href":"https:\/\/www.europesays.com\/pt\/wp-json\/wp\/v2\/comments?post=138894"}],"version-history":[{"count":0,"href":"https:\/\/www.europesays.com\/pt\/wp-json\/wp\/v2\/posts\/138894\/revisions"}],"wp:featuredmedia":[{"embeddable":true,"href":"https:\/\/www.europesays.com\/pt\/wp-json\/wp\/v2\/media\/138895"}],"wp:attachment":[{"href":"https:\/\/www.europesays.com\/pt\/wp-json\/wp\/v2\/media?parent=138894"}],"wp:term":[{"taxonomy":"category","embeddable":true,"href":"https:\/\/www.europesays.com\/pt\/wp-json\/wp\/v2\/categories?post=138894"},{"taxonomy":"post_tag","embeddable":true,"href":"https:\/\/www.europesays.com\/pt\/wp-json\/wp\/v2\/tags?post=138894"}],"curies":[{"name":"wp","href":"https:\/\/api.w.org\/{rel}","templated":true}]}}