{"id":138896,"date":"2025-11-04T07:25:34","date_gmt":"2025-11-04T07:25:34","guid":{"rendered":"https:\/\/www.europesays.com\/pt\/138896\/"},"modified":"2025-11-04T07:25:34","modified_gmt":"2025-11-04T07:25:34","slug":"ze-andrade-e-renata-reis-surgem-proximos-em-discoteca-e-levantam-zunzuns","status":"publish","type":"post","link":"https:\/\/www.europesays.com\/pt\/138896\/","title":{"rendered":"Z\u00e9 Andrade e Renata Reis surgem &#8220;pr\u00f3ximos&#8221; em discoteca e levantam &#8220;zunzuns&#8221;"},"content":{"rendered":"<p>\t\t\t\t\t\t\t\t\t\t\t\t\t\tZ\u00e9 Andrade ficou conhecido por ter ficado \u201c\u00e0 porta\u201d da \u201cCasa dos Segredos 9\u201d, na gala de estreia.<\/p>\n<p>O quase concorrente pediu Liliana Oliveira em casamento e apesar da jovem ter aceitado, o noivado durou pouco tempo e Z\u00e9 Andrade foi deixado, em plena gala, duas semanas depois.<\/p>\n<p>Com alguma dist\u00e2ncia do momento \u201ctraum\u00e1tico\u201d, Z\u00e9 Andrade tem reconstru\u00eddo a sua vida \u2013 agora solteiro \u2013 com um novo emprego e de cora\u00e7\u00e3o livre.<\/p>\n<p>Na madrugada deste s\u00e1bado, 01 de novembro, o \u2018noivo tra\u00eddo\u2019 surgiu ao lado de alguns ex-concorrentes do \u201cSecret Story 8\u201d e especialmente pr\u00f3ximo de Renata Reis, como se pode ver na foto abaixo.<\/p>\n<p>L\u00e9o Caeiro, comentador da CMTV, j\u00e1 tinha dado um \u2018lamir\u00e9\u2019 desta aproxima\u00e7\u00e3o: <strong>\u201cO Z\u00e9 fez a partilha deste restaurante, mas houve outra rapariga, de quem ouvi uns zunzuns, que tamb\u00e9m fez a mesma partilha. Agora, o resto \u00e9 esperar para ver o que poder\u00e1 vir da\u00ed\u201d<\/strong> \u2013 atirou, no \u201cTarde das Estrelas\u201d.<\/p>\n<p>Veja aqui:<\/p>\n<p><img loading=\"lazy\" decoding=\"async\" class=\"alignnone size-full wp-image-647795\" src=\"data:image\/svg+xml,%3Csvg%20xmlns=\" http:=\"\" alt=\"\" width=\"456\" height=\"811\" data-lazy- data-lazy- data-lazy-src=\"https:\/\/www.europesays.com\/pt\/wp-content\/uploads\/2025\/11\/foto-ze-renata.png\"\/><\/p>\n","protected":false},"excerpt":{"rendered":"Z\u00e9 Andrade ficou conhecido por ter ficado \u201c\u00e0 porta\u201d da \u201cCasa dos Segredos 9\u201d, na gala de estreia.&hellip;\n","protected":false},"author":2,"featured_media":138897,"comment_status":"","ping_status":"","sticky":false,"template":"","format":"standard","meta":{"footnotes":""},"categories":[142],"tags":[114,115,20104,32,33,2115,151,25011],"class_list":{"0":"post-138896","1":"post","2":"type-post","3":"status-publish","4":"format-standard","5":"has-post-thumbnail","7":"category-tv","8":"tag-entertainment","9":"tag-entretenimento","10":"tag-leo-caeiro","11":"tag-portugal","12":"tag-pt","13":"tag-renata-reis","14":"tag-tv","15":"tag-zu00e9-andrade"},"share_on_mastodon":{"url":"https:\/\/pubeurope.com\/@pt\/115490240821373786","error":""},"_links":{"self":[{"href":"https:\/\/www.europesays.com\/pt\/wp-json\/wp\/v2\/posts\/138896","targetHints":{"allow":["GET"]}}],"collection":[{"href":"https:\/\/www.europesays.com\/pt\/wp-json\/wp\/v2\/posts"}],"about":[{"href":"https:\/\/www.europesays.com\/pt\/wp-json\/wp\/v2\/types\/post"}],"author":[{"embeddable":true,"href":"https:\/\/www.europesays.com\/pt\/wp-json\/wp\/v2\/users\/2"}],"replies":[{"embeddable":true,"href":"https:\/\/www.europesays.com\/pt\/wp-json\/wp\/v2\/comments?post=138896"}],"version-history":[{"count":0,"href":"https:\/\/www.europesays.com\/pt\/wp-json\/wp\/v2\/posts\/138896\/revisions"}],"wp:featuredmedia":[{"embeddable":true,"href":"https:\/\/www.europesays.com\/pt\/wp-json\/wp\/v2\/media\/138897"}],"wp:attachment":[{"href":"https:\/\/www.europesays.com\/pt\/wp-json\/wp\/v2\/media?parent=138896"}],"wp:term":[{"taxonomy":"category","embeddable":true,"href":"https:\/\/www.europesays.com\/pt\/wp-json\/wp\/v2\/categories?post=138896"},{"taxonomy":"post_tag","embeddable":true,"href":"https:\/\/www.europesays.com\/pt\/wp-json\/wp\/v2\/tags?post=138896"}],"curies":[{"name":"wp","href":"https:\/\/api.w.org\/{rel}","templated":true}]}}