{"id":138925,"date":"2025-11-04T08:19:09","date_gmt":"2025-11-04T08:19:09","guid":{"rendered":"https:\/\/www.europesays.com\/pt\/138925\/"},"modified":"2025-11-04T08:19:09","modified_gmt":"2025-11-04T08:19:09","slug":"luciano-huck-presta-homenagem-especial-no-aniversario-de-benicio-parceiro-de-aventuras","status":"publish","type":"post","link":"https:\/\/www.europesays.com\/pt\/138925\/","title":{"rendered":"Luciano Huck presta homenagem especial no anivers\u00e1rio de Ben\u00edcio: &#8216;Parceiro de aventuras&#8217;"},"content":{"rendered":"<p><strong>Ben\u00edcio<\/strong>, o segundo filho de <a href=\"https:\/\/caras.com.br\/tags\/luciano-huck\" target=\"_blank\" rel=\"noopener nofollow\"><strong>Luciano Huck<\/strong><\/a> com <a href=\"https:\/\/caras.com.br\/tags\/angelica_1\" target=\"_blank\" rel=\"noopener nofollow\"><strong>Ang\u00e9lica<\/strong><\/a>, completou 18 anos nesta segunda-feira, 3, e ganhou uma homenagem especial do pai.<\/p>\n<p>Em seu perfil, o apresentador do\u00a0Doming\u00e3o, da Globo, compartilhou uma sequ\u00eancia de fotos com o aniversariante, incluindo algumas de quando ele era crian\u00e7a, e escreveu uma bela mensagem para o herdeiro.<\/p>\n<p>\u201cH\u00e1 exatos 18 anos, ele chegou pra somar \u2014 e multiplicar o amor na nossa fam\u00edlia. Meu parceiro de aventuras pelo mundo. Ponta firme, leal, amoroso, amigo dos amigos. De poucas e boas palavras, sorriso econ\u00f4mico \u2014 mas quando ri, ilumina o mundo. Do jiu-j\u00edtsu e do Flamengo, do surfe e do Maracan\u00e3. Nosso carioca da gema. Parab\u00e9ns, Beni. Te amo\u201d, declarou Huck na legenda.<\/p>\n<p>Mais cedo, Ang\u00e9lica tamb\u00e9m homenageou Ben\u00edcio. \u201c18 anos do meu menino. Que orgulho te ver crescer, amadurecer e se tornar esse homem sens\u00edvel, curioso e cheio de luz. Parece que foi ontem que te peguei no colo pela primeira vez\u2026 e agora te vejo pronto pra voar, com o cora\u00e7\u00e3o e a cabe\u00e7a cheios de sonhos. Acompanhar sua caminhada tem sido uma das maiores alegrias da minha vida.\u201d<\/p>\n<p>\u201cVer de perto sua generosidade, sua for\u00e7a, seu senso de humor, e o jeito \u00fanico com que voc\u00ea enxerga o mundo. Cada fase sua me ensinou alguma coisa, sobre amor, paci\u00eancia, presen\u00e7a e sobre como o tempo passa r\u00e1pido demais. Te amo, filho. Obrigada por me escolher como m\u00e3e e por encher a nossa casa de vida. Que o mundo seja gentil com voc\u00ea, e que voc\u00ea siga espalhando essa luz que \u00e9 s\u00f3 sua\u201d, escreveu a apresentadora.<\/p>\n<p>Al\u00e9m de Ben\u00edcio, <strong>Luciano Huck<\/strong> e <strong>Ang\u00e9lica<\/strong> tamb\u00e9m s\u00e3o pais de Joaquim, de 20 anos, e de Eva, de 13.<\/p>\n<p><strong>Confira:<\/strong><\/p>\n<blockquote class=\"instagram-media\" style=\"background: #FFF; border: 0; border-radius: 3px; box-shadow: 0 0 1px 0 rgba(0,0,0,0.5),0 1px 10px 0 rgba(0,0,0,0.15); margin: 1px; max-width: 540px; min-width: 326px; padding: 0; width: calc(100% - 2px);\" data-instgrm-permalink=\"https:\/\/www.instagram.com\/p\/DQnINqVkRds\/?utm_source=ig_embed&amp;utm_campaign=loading\" data-instgrm-version=\"14\"><\/blockquote>\n<p>Na \u00faltima quinta-feira, 30, Luciano Huck usou as redes sociais para comemorar uma data muito especial. Ele completou 21 anos de casado com Ang\u00e9lica e fez quest\u00e3o de comemorar.\u00a0Em seu perfil, o apresentador recordou um v\u00eddeo ap\u00f3s a cerim\u00f4nia de casamento e celebrou mais um ano ao lado da esposa.<\/p>\n<p>\u201cO exato momento que embarcamos \u2013 21 anos atr\u00e1s \u2013 na mais deliciosa e desafiadora aventura das nossas vidas. E, desde ent\u00e3o, cada dia tem sido um novo motivo pra celebrar. E s\u00f3 melhora. Que venham os pr\u00f3ximos 21 \u2014 com muito amor, boas risadas e super parceria. #30\/10 #aniversariodecasamento\u201d, escreveu. <a href=\"https:\/\/caras.com.br\/datas-especiais\/luciano-huck-se-declara-para-angelica-no-aniversario-de-casamento-so-melhora.phtml\" target=\"_blank\" rel=\"noopener nofollow\"><strong>Veja!<\/strong><\/a><\/p>\n<p><strong>Leia tamb\u00e9m:<\/strong> <a href=\"https:\/\/caras.com.br\/tv\/globo-adia-cerimonia-melhores-do-ano-do-domingao-com-huck-saiba-a-nova-data.phtml\" target=\"_blank\" rel=\"noopener nofollow\">Globo adia cerim\u00f4nia \u201cMelhores do Ano\u201d, do Doming\u00e3o com Huck; saiba a nova data<\/a><\/p>\n<p>        <a href=\"https:\/\/caras.com.br\/autor\/daniela-santos\" rel=\"nofollow noopener\" target=\"_blank\">&#13;<br \/>\n          <img loading=\"lazy\" decoding=\"async\" alt=\"Daniela Santos\" src=\"https:\/\/www.europesays.com\/pt\/wp-content\/uploads\/2025\/09\/1758949148_187_daniela-santos_sqmd.jpg\" class=\"avatar avatar-115 photo rounded-circle\" height=\"115\" width=\"115\"\/>        <\/a><\/p>\n<p><b>Daniela Santos<\/b> \u00e9 rep\u00f3rter do site CARAS. Formada em jornalismo pela FIAM FAAM, atua na \u00e1rea de celebridades e TV desde 2018<\/p>\n<p>\t                                            <script async src=\"\/\/www.instagram.com\/embed.js\"><\/script><\/p>\n","protected":false},"excerpt":{"rendered":"Ben\u00edcio, o segundo filho de Luciano Huck com Ang\u00e9lica, completou 18 anos nesta segunda-feira, 3, e ganhou uma&hellip;\n","protected":false},"author":2,"featured_media":138926,"comment_status":"","ping_status":"","sticky":false,"template":"","format":"standard","meta":{"footnotes":""},"categories":[145],"tags":[996,30978,211,210,114,115,3435,997,2815,32,33],"class_list":{"0":"post-138925","1":"post","2":"type-post","3":"status-publish","4":"format-standard","5":"has-post-thumbnail","7":"category-celebridades","8":"tag-aniversario","9":"tag-benicio","10":"tag-celebridades","11":"tag-celebrities","12":"tag-entertainment","13":"tag-entretenimento","14":"tag-filho","15":"tag-homenagem","16":"tag-luciano-huck","17":"tag-portugal","18":"tag-pt"},"share_on_mastodon":{"url":"https:\/\/pubeurope.com\/@pt\/115490453273797017","error":""},"_links":{"self":[{"href":"https:\/\/www.europesays.com\/pt\/wp-json\/wp\/v2\/posts\/138925","targetHints":{"allow":["GET"]}}],"collection":[{"href":"https:\/\/www.europesays.com\/pt\/wp-json\/wp\/v2\/posts"}],"about":[{"href":"https:\/\/www.europesays.com\/pt\/wp-json\/wp\/v2\/types\/post"}],"author":[{"embeddable":true,"href":"https:\/\/www.europesays.com\/pt\/wp-json\/wp\/v2\/users\/2"}],"replies":[{"embeddable":true,"href":"https:\/\/www.europesays.com\/pt\/wp-json\/wp\/v2\/comments?post=138925"}],"version-history":[{"count":0,"href":"https:\/\/www.europesays.com\/pt\/wp-json\/wp\/v2\/posts\/138925\/revisions"}],"wp:featuredmedia":[{"embeddable":true,"href":"https:\/\/www.europesays.com\/pt\/wp-json\/wp\/v2\/media\/138926"}],"wp:attachment":[{"href":"https:\/\/www.europesays.com\/pt\/wp-json\/wp\/v2\/media?parent=138925"}],"wp:term":[{"taxonomy":"category","embeddable":true,"href":"https:\/\/www.europesays.com\/pt\/wp-json\/wp\/v2\/categories?post=138925"},{"taxonomy":"post_tag","embeddable":true,"href":"https:\/\/www.europesays.com\/pt\/wp-json\/wp\/v2\/tags?post=138925"}],"curies":[{"name":"wp","href":"https:\/\/api.w.org\/{rel}","templated":true}]}}