{"id":138956,"date":"2025-11-04T08:52:44","date_gmt":"2025-11-04T08:52:44","guid":{"rendered":"https:\/\/www.europesays.com\/pt\/138956\/"},"modified":"2025-11-04T08:52:44","modified_gmt":"2025-11-04T08:52:44","slug":"ma-lingua-feroz-pela-primeira-vez-pedro-ve-imagens-de-marisa-susana-a-falar-mal-de-si-secret-story","status":"publish","type":"post","link":"https:\/\/www.europesays.com\/pt\/138956\/","title":{"rendered":"\u2018M\u00e1-l\u00edngua\u2019 feroz: Pela primeira vez, Pedro v\u00ea imagens de Marisa Susana a falar mal de si &#8211; Secret Story"},"content":{"rendered":"<p>No Secret Story 9, os concorrentes assistem \u00e0s imagens do que disseram nas costas uns dos outros e Pedro v\u00ea pela primeira vez Marisa Susana a falar mal de si.\u00a0<\/p>\n<p>Isto acontece na <a href=\"https:\/\/tvi.iol.pt\/secretstory\/cristina-ferreira\/gala\/o-encontro-a-sos-mais-aguardado-numa-gala-de-cortar-a-respiracao-isto-e-tudo-o-que-pode-esperar\" rel=\"nofollow noopener\" target=\"_blank\">grande gala do Secret Story 9 <\/a>que conta com muitas emo\u00e7\u00f5es e surpresas \u00abde cortar a respira\u00e7\u00e3o\u00bb. Esta noite os concorrentes t\u00eam acesso a uma l\u00e2mpada m\u00e1gica capaz de realizar os desejos mais ambicionados. Para al\u00e9m disso, hoje o expulso tem um \u00faltimo valioso poder em m\u00e3os.<\/p>\n<p>A dois meses da Grande Final, os concorrentes dizem quem n\u00e3o merece estar na corrida \u00e0 vit\u00f3ria. Todas as decis\u00f5es t\u00eam consequ\u00eancias e, por \u00faltimo, mas n\u00e3o menos importante, \u00abesta noite, Pedro e Marisa voltam a reencontrar-se a s\u00f3s!<\/p>\n<p><a href=\"https:\/\/tvi.iol.pt\/secretstory\/aominuto\" rel=\"nofollow noopener\" target=\"_blank\">Acompanhe aqui tudo o que se passa na casa ao minuto!<\/a><\/p>\n","protected":false},"excerpt":{"rendered":"No Secret Story 9, os concorrentes assistem \u00e0s imagens do que disseram nas costas uns dos outros e&hellip;\n","protected":false},"author":2,"featured_media":138957,"comment_status":"","ping_status":"","sticky":false,"template":"","format":"standard","meta":{"footnotes":""},"categories":[142],"tags":[19374,19373,114,115,19153,14646,19375,32,33,151],"class_list":{"0":"post-138956","1":"post","2":"type-post","3":"status-publish","4":"format-standard","5":"has-post-thumbnail","7":"category-tv","8":"tag-confrontos-concorrentes","9":"tag-discussoes-secret-story","10":"tag-entertainment","11":"tag-entretenimento","12":"tag-marisa-susana","13":"tag-pedro","14":"tag-polemicas","15":"tag-portugal","16":"tag-pt","17":"tag-tv"},"share_on_mastodon":{"url":"https:\/\/pubeurope.com\/@pt\/115490582892009583","error":""},"_links":{"self":[{"href":"https:\/\/www.europesays.com\/pt\/wp-json\/wp\/v2\/posts\/138956","targetHints":{"allow":["GET"]}}],"collection":[{"href":"https:\/\/www.europesays.com\/pt\/wp-json\/wp\/v2\/posts"}],"about":[{"href":"https:\/\/www.europesays.com\/pt\/wp-json\/wp\/v2\/types\/post"}],"author":[{"embeddable":true,"href":"https:\/\/www.europesays.com\/pt\/wp-json\/wp\/v2\/users\/2"}],"replies":[{"embeddable":true,"href":"https:\/\/www.europesays.com\/pt\/wp-json\/wp\/v2\/comments?post=138956"}],"version-history":[{"count":0,"href":"https:\/\/www.europesays.com\/pt\/wp-json\/wp\/v2\/posts\/138956\/revisions"}],"wp:featuredmedia":[{"embeddable":true,"href":"https:\/\/www.europesays.com\/pt\/wp-json\/wp\/v2\/media\/138957"}],"wp:attachment":[{"href":"https:\/\/www.europesays.com\/pt\/wp-json\/wp\/v2\/media?parent=138956"}],"wp:term":[{"taxonomy":"category","embeddable":true,"href":"https:\/\/www.europesays.com\/pt\/wp-json\/wp\/v2\/categories?post=138956"},{"taxonomy":"post_tag","embeddable":true,"href":"https:\/\/www.europesays.com\/pt\/wp-json\/wp\/v2\/tags?post=138956"}],"curies":[{"name":"wp","href":"https:\/\/api.w.org\/{rel}","templated":true}]}}