{"id":138991,"date":"2025-11-04T09:23:12","date_gmt":"2025-11-04T09:23:12","guid":{"rendered":"https:\/\/www.europesays.com\/pt\/138991\/"},"modified":"2025-11-04T09:23:12","modified_gmt":"2025-11-04T09:23:12","slug":"portugal-entra-a-golear-no-mundial-de-sub-17-futebol","status":"publish","type":"post","link":"https:\/\/www.europesays.com\/pt\/138991\/","title":{"rendered":"Portugal entra a golear no Mundial de sub-17 | Futebol"},"content":{"rendered":"<p>A selec\u00e7\u00e3o portuguesa estreou-se nesta segunda-feira no Mundial de futebol de sub-17 com uma goleada por 6-1 sobre a Nova Caled\u00f3nia, depois de ter estado a perder no encontro da primeira jornada do Grupo B, no Qatar.<\/p>\n<p>Em Doha, os campe\u00f5es europeus daquele escal\u00e3o viram-se surpreendidos com uma grande penalidade convertida por Ezekiel Wamowe (11 minutos), mas acabaram por construir o triunfo com golos de An\u00edsio Cabral (22&#8242; e 47&#8242;), Stevan Manuel (53&#8242;), Mateus Mide (59&#8242;), Mauro Furtado (85&#8242;) e Jos\u00e9 Neto (90&#8217;+7&#8242;).<\/p>\n<p>Portugal, que participa pela quarta vez num Mundial de sub-17, ap\u00f3s 1989, 1995 e 2003, lidera o Grupo B, com tr\u00eas pontos, em igualdade com o Jap\u00e3o, que bateu Marrocos por 2-0, enquanto a Nova Caled\u00f3nia \u00e9 \u00faltima, sem qualquer ponto, tal como os marroquinos.<\/p>\n<p>Na quinta-feira, a selec\u00e7\u00e3o portuguesa defronta Marrocos na segunda jornada, \u00e0s 12h30 (hora em Lisboa), e fecha a participa\u00e7\u00e3o no grupo no domingo, frente ao Jap\u00e3o, a partir das 13h30.<\/p>\n","protected":false},"excerpt":{"rendered":"A selec\u00e7\u00e3o portuguesa estreou-se nesta segunda-feira no Mundial de futebol de sub-17 com uma goleada por 6-1 sobre&hellip;\n","protected":false},"author":2,"featured_media":138992,"comment_status":"","ping_status":"","sticky":false,"template":"","format":"standard","meta":{"footnotes":""},"categories":[87],"tags":[135,524,138,6027,30973,32,33,17019,134],"class_list":{"0":"post-138991","1":"post","2":"type-post","3":"status-publish","4":"format-standard","5":"has-post-thumbnail","7":"category-desporto","8":"tag-desporto","9":"tag-futebol","10":"tag-futebol-internacional","11":"tag-mundial","12":"tag-nova-caledonia","13":"tag-portugal","14":"tag-pt","15":"tag-seleccao","16":"tag-sports"},"share_on_mastodon":{"url":"https:\/\/pubeurope.com\/@pt\/115490705215488375","error":""},"_links":{"self":[{"href":"https:\/\/www.europesays.com\/pt\/wp-json\/wp\/v2\/posts\/138991","targetHints":{"allow":["GET"]}}],"collection":[{"href":"https:\/\/www.europesays.com\/pt\/wp-json\/wp\/v2\/posts"}],"about":[{"href":"https:\/\/www.europesays.com\/pt\/wp-json\/wp\/v2\/types\/post"}],"author":[{"embeddable":true,"href":"https:\/\/www.europesays.com\/pt\/wp-json\/wp\/v2\/users\/2"}],"replies":[{"embeddable":true,"href":"https:\/\/www.europesays.com\/pt\/wp-json\/wp\/v2\/comments?post=138991"}],"version-history":[{"count":0,"href":"https:\/\/www.europesays.com\/pt\/wp-json\/wp\/v2\/posts\/138991\/revisions"}],"wp:featuredmedia":[{"embeddable":true,"href":"https:\/\/www.europesays.com\/pt\/wp-json\/wp\/v2\/media\/138992"}],"wp:attachment":[{"href":"https:\/\/www.europesays.com\/pt\/wp-json\/wp\/v2\/media?parent=138991"}],"wp:term":[{"taxonomy":"category","embeddable":true,"href":"https:\/\/www.europesays.com\/pt\/wp-json\/wp\/v2\/categories?post=138991"},{"taxonomy":"post_tag","embeddable":true,"href":"https:\/\/www.europesays.com\/pt\/wp-json\/wp\/v2\/tags?post=138991"}],"curies":[{"name":"wp","href":"https:\/\/api.w.org\/{rel}","templated":true}]}}