{"id":139001,"date":"2025-11-04T09:31:06","date_gmt":"2025-11-04T09:31:06","guid":{"rendered":"https:\/\/www.europesays.com\/pt\/139001\/"},"modified":"2025-11-04T09:31:06","modified_gmt":"2025-11-04T09:31:06","slug":"jonathan-bailey-e-o-homem-mais-sexy-do-mundo-diz-a-people-pessoas","status":"publish","type":"post","link":"https:\/\/www.europesays.com\/pt\/139001\/","title":{"rendered":"Jonathan Bailey \u00e9 o homem mais sexy do mundo, diz a People | Pessoas"},"content":{"rendered":"<p>O actor brit\u00e2nico Jonathan Bailey, que regressa ao grande ecr\u00e3 este m\u00eas no filme musical Wicked: For Good, foi eleito o &#8220;homem mais sexy do mundo&#8221; do ano pela revista People.<\/p>\n<p>Bailey, de 37 anos, afirmou que foi uma &#8220;grande honra&#8221; receber o pr\u00e9mio anteriormente concedido a estrelas como Chris Hemsworth e George Clooney (<a href=\"https:\/\/www.publico.pt\/2006\/11\/16\/impar\/noticia\/george-clooney-e-de-novo-o-homem-mais-sexy-1276825\" rel=\"nofollow noopener\" target=\"_blank\">que at\u00e9 foi galardoado duas vezes<\/a>). &#8220;Obviamente, estou incrivelmente lisonjeado. E \u00e9 completamente absurdo&#8221;, disse Bailey \u00e0 revista People, entre risos, acrescentando, em brincadeira, que s\u00f3 tinha partilhado a not\u00edcia com o seu c\u00e3o, Benson.<\/p>\n<p>A escolha de Bailey, tamb\u00e9m conhecido pelo seu papel como Lorde Anthony no drama de \u00e9poca Bridgerton, foi anunciada no programa The Tonight Show Starring Jimmy Fallon.<\/p>\n<p>Bailey interpretou o Pr\u00edncipe Fiyero na <a href=\"https:\/\/www.publico.pt\/2025\/01\/08\/culturaipsilon\/noticia\/wicked-shogun-sao-nomeados-guilda-actores-2118064\" rel=\"nofollow noopener\" target=\"_blank\">adapta\u00e7\u00e3o do musical da Broadway<\/a> por Jon M. Chu, Wicked, uma prequela de O Feiticeiro de Oz, e voltar\u00e1 ao papel na sequela, que vai estreiar nos cinemas nos EUA a 21 de Novembro. O actor tamb\u00e9m participou no filme Jurassic World: Rebirth, ao lado de Scarlet Johanson, neste Ver\u00e3o.<\/p>\n<p>Em 2024, o actor John Krasinski, da s\u00e9rie<strong> <\/strong>The Office, <a href=\"https:\/\/www.publico.pt\/2024\/11\/13\/impar\/noticia\/john-krasinski-homem-sexy-mundo-revista-people-2111645\" rel=\"nofollow noopener\" target=\"_blank\">foi eleito o &#8220;homem mais sexy do mundo&#8221;<\/a>. No ano anterior, o pr\u00e9mio da cultura pop foi entregue a <a href=\"https:\/\/www.publico.pt\/2023\/11\/08\/impar\/noticia\/patrick-dempsey-eleito-people-homem-sexy-2023-2069441\" rel=\"nofollow noopener\" target=\"_blank\">Patrick Dempsey<\/a>.<\/p>\n","protected":false},"excerpt":{"rendered":"O actor brit\u00e2nico Jonathan Bailey, que regressa ao grande ecr\u00e3 este m\u00eas no filme musical Wicked: For Good,&hellip;\n","protected":false},"author":2,"featured_media":139002,"comment_status":"","ping_status":"","sticky":false,"template":"","format":"standard","meta":{"footnotes":""},"categories":[145],"tags":[211,210,470,315,114,115,708,712,32,33,218],"class_list":{"0":"post-139001","1":"post","2":"type-post","3":"status-publish","4":"format-standard","5":"has-post-thumbnail","7":"category-celebridades","8":"tag-celebridades","9":"tag-celebrities","10":"tag-cinema","11":"tag-cultura","12":"tag-entertainment","13":"tag-entretenimento","14":"tag-impar","15":"tag-pessoas","16":"tag-portugal","17":"tag-pt","18":"tag-televisao"},"share_on_mastodon":{"url":"https:\/\/pubeurope.com\/@pt\/115490736238529995","error":""},"_links":{"self":[{"href":"https:\/\/www.europesays.com\/pt\/wp-json\/wp\/v2\/posts\/139001","targetHints":{"allow":["GET"]}}],"collection":[{"href":"https:\/\/www.europesays.com\/pt\/wp-json\/wp\/v2\/posts"}],"about":[{"href":"https:\/\/www.europesays.com\/pt\/wp-json\/wp\/v2\/types\/post"}],"author":[{"embeddable":true,"href":"https:\/\/www.europesays.com\/pt\/wp-json\/wp\/v2\/users\/2"}],"replies":[{"embeddable":true,"href":"https:\/\/www.europesays.com\/pt\/wp-json\/wp\/v2\/comments?post=139001"}],"version-history":[{"count":0,"href":"https:\/\/www.europesays.com\/pt\/wp-json\/wp\/v2\/posts\/139001\/revisions"}],"wp:featuredmedia":[{"embeddable":true,"href":"https:\/\/www.europesays.com\/pt\/wp-json\/wp\/v2\/media\/139002"}],"wp:attachment":[{"href":"https:\/\/www.europesays.com\/pt\/wp-json\/wp\/v2\/media?parent=139001"}],"wp:term":[{"taxonomy":"category","embeddable":true,"href":"https:\/\/www.europesays.com\/pt\/wp-json\/wp\/v2\/categories?post=139001"},{"taxonomy":"post_tag","embeddable":true,"href":"https:\/\/www.europesays.com\/pt\/wp-json\/wp\/v2\/tags?post=139001"}],"curies":[{"name":"wp","href":"https:\/\/api.w.org\/{rel}","templated":true}]}}