{"id":139011,"date":"2025-11-04T09:45:25","date_gmt":"2025-11-04T09:45:25","guid":{"rendered":"https:\/\/www.europesays.com\/pt\/139011\/"},"modified":"2025-11-04T09:45:25","modified_gmt":"2025-11-04T09:45:25","slug":"reclusa-que-mudou-de-genero-ateou-fogo-a-cela-cinco-guardas-no-hospital","status":"publish","type":"post","link":"https:\/\/www.europesays.com\/pt\/139011\/","title":{"rendered":"Reclusa que mudou de g\u00e9nero ateou fogo a cela. Cinco guardas no hospital"},"content":{"rendered":"<p data-remotead-prev-elm=\"true\" data-remotead-elm-id=\"inread\">Segundo confirmou ao JN a Dire\u00e7\u00e3o-Geral de Reinser\u00e7\u00e3o e Servi\u00e7os Prisionais (DGRSP), a detida &#8211; que nasceu homem, tornou-se mulher e agora tenta reverter o processo &#8211; encontrava-se afeta ao setor de admiss\u00e3o do estabelecimento e ateou fogo a alguns dos seus pertences e ao colch\u00e3o da cela.<\/p>\n<p>&#8220;A situa\u00e7\u00e3o foi imediatamente detetada pelos servi\u00e7os de vigil\u00e2ncia que, com os meios pr\u00f3prios do estabelecimento, extinguiram o foco de inc\u00eandio e retiraram a reclusa da cela&#8221;, acrescentou a DGRSP.<\/p>\n<p>Segundo apurou o JN, desde a sua transfer\u00eancia para Tires, a reclusa permanecia em isolamento, mas vinha insistindo em regressar ao conv\u00edvio com as restantes reclusas. Na manh\u00e3 de hoje, cerca das 10 horas, amea\u00e7ou as guardas durante o recreio por esse motivo. Pouco tempo depois, j\u00e1 na cela, usou um isqueiro para provocar o inc\u00eandio. Quando as chamas come\u00e7aram, abriu a janela e refugiou-se no estreito parapeito exterior, com cerca de 30 cent\u00edmetros, onde permaneceu. Ao entrarem, os guardas n\u00e3o a encontraram de imediato, concentrando-se em apagar o fogo, s\u00f3 depois percebendo que a reclusa continuava do lado de fora.<\/p>\n<p data-remotead-prev-elm=\"true\" data-remotead-elm-id=\"centro1\">O INEM foi chamado ao local e recomendou a observa\u00e7\u00e3o hospitalar de todos os envolvidos por precau\u00e7\u00e3o. Quatro horas ap\u00f3s o incidente, a reclusa queixou-se tamb\u00e9m de dificuldades respirat\u00f3rias. Os danos ficaram circunscritos \u00e0 cela, e a situa\u00e7\u00e3o foi considerada normalizada pela DGRSP, que anunciou a abertura de um processo disciplinar.<\/p>\n<p>Apesar disso, a decis\u00e3o de manter a detida em Tires gera desagrado no Sindicato Nacional do Corpo da Guarda Prisional. &#8220;Para n\u00f3s, a solu\u00e7\u00e3o ideal seria o seu encarceramento na cadeia de alta seguran\u00e7a de Monsanto&#8221;, defendeu, ao JN, Frederico Morais.<\/p>\n","protected":false},"excerpt":{"rendered":"Segundo confirmou ao JN a Dire\u00e7\u00e3o-Geral de Reinser\u00e7\u00e3o e Servi\u00e7os Prisionais (DGRSP), a detida &#8211; que nasceu homem,&hellip;\n","protected":false},"author":2,"featured_media":139012,"comment_status":"","ping_status":"","sticky":false,"template":"","format":"standard","meta":{"footnotes":""},"categories":[10],"tags":[27,28,30995,15,16,14,603,25,26,21,22,12,13,19,20,32,23,24,33,19817,17,18,29,30,31],"class_list":{"0":"post-139011","1":"post","2":"type-post","3":"status-publish","4":"format-standard","5":"has-post-thumbnail","7":"category-portugal","8":"tag-breaking-news","9":"tag-breakingnews","10":"tag-dgrsp","11":"tag-featured-news","12":"tag-featurednews","13":"tag-headlines","14":"tag-justica","15":"tag-latest-news","16":"tag-latestnews","17":"tag-main-news","18":"tag-mainnews","19":"tag-news","20":"tag-noticias","21":"tag-noticias-principais","22":"tag-noticiasprincipais","23":"tag-portugal","24":"tag-principais-noticias","25":"tag-principaisnoticias","26":"tag-pt","27":"tag-tires","28":"tag-top-stories","29":"tag-topstories","30":"tag-ultimas","31":"tag-ultimas-noticias","32":"tag-ultimasnoticias"},"share_on_mastodon":{"url":"https:\/\/pubeurope.com\/@pt\/115490791318340390","error":""},"_links":{"self":[{"href":"https:\/\/www.europesays.com\/pt\/wp-json\/wp\/v2\/posts\/139011","targetHints":{"allow":["GET"]}}],"collection":[{"href":"https:\/\/www.europesays.com\/pt\/wp-json\/wp\/v2\/posts"}],"about":[{"href":"https:\/\/www.europesays.com\/pt\/wp-json\/wp\/v2\/types\/post"}],"author":[{"embeddable":true,"href":"https:\/\/www.europesays.com\/pt\/wp-json\/wp\/v2\/users\/2"}],"replies":[{"embeddable":true,"href":"https:\/\/www.europesays.com\/pt\/wp-json\/wp\/v2\/comments?post=139011"}],"version-history":[{"count":0,"href":"https:\/\/www.europesays.com\/pt\/wp-json\/wp\/v2\/posts\/139011\/revisions"}],"wp:featuredmedia":[{"embeddable":true,"href":"https:\/\/www.europesays.com\/pt\/wp-json\/wp\/v2\/media\/139012"}],"wp:attachment":[{"href":"https:\/\/www.europesays.com\/pt\/wp-json\/wp\/v2\/media?parent=139011"}],"wp:term":[{"taxonomy":"category","embeddable":true,"href":"https:\/\/www.europesays.com\/pt\/wp-json\/wp\/v2\/categories?post=139011"},{"taxonomy":"post_tag","embeddable":true,"href":"https:\/\/www.europesays.com\/pt\/wp-json\/wp\/v2\/tags?post=139011"}],"curies":[{"name":"wp","href":"https:\/\/api.w.org\/{rel}","templated":true}]}}