{"id":139033,"date":"2025-11-04T10:07:57","date_gmt":"2025-11-04T10:07:57","guid":{"rendered":"https:\/\/www.europesays.com\/pt\/139033\/"},"modified":"2025-11-04T10:07:57","modified_gmt":"2025-11-04T10:07:57","slug":"campanha-taxa-zero-ao-volante-na-estrada-a-partir-de-terca-observador","status":"publish","type":"post","link":"https:\/\/www.europesays.com\/pt\/139033\/","title":{"rendered":"Campanha &#8220;Taxa Zero ao Volante&#8221; na estrada a partir de ter\u00e7a \u2013 Observador"},"content":{"rendered":"<p>A campanha de sensibiliza\u00e7\u00e3o para os riscos da condu\u00e7\u00e3o sob a influ\u00eancia do \u00e1lcool \u201cTaxa Zero ao Volante\u201d arranca na ter\u00e7a-feira, em Portugal continental e nas regi\u00f5es aut\u00f3nomas dos A\u00e7ores e Madeira, anunciaram as autoridades.<\/p>\n<p>A iniciativa, que decorre at\u00e9 dia 10, envolve a Autoridade Nacional de Seguran\u00e7a Rodovi\u00e1ria (ANSR), a Guarda Nacional Republicana (GNR) e a Pol\u00edcia de Seguran\u00e7a P\u00fablica (PSP), com opera\u00e7\u00f5es de fiscaliza\u00e7\u00e3o especialmente em vias e acessos com elevado fluxo rodovi\u00e1rio, contribuindo para a diminui\u00e7\u00e3o da sinistralidade e a ado\u00e7\u00e3o de comportamentos seguros.<\/p>\n<p>Em simult\u00e2neo, decorrem a\u00e7\u00f5es de sensibiliza\u00e7\u00e3o da ANSR em Andr\u00e3es, distrito de Vila Real (ter\u00e7a-feira), Chaves (quarta-feira), Pombal (quinta-feira) e Alcoba\u00e7a (sexta-feira), distrito de Leiria, e em Tunes, concelho de Silves, distrito de Faro (dia 10).<\/p>\n<p>Na nota esta segunda-feira divulgada, as autoridades recordam que em Portugal, em 2023, um em cada quatro condutores que morreram em acidentes de via\u00e7\u00e3o apresentavam uma taxa de \u00e1lcool no sangue igual ou superior a 0,5 g\/l e tr\u00eas em cada quatro uma taxa igual ou superior a 1,2 g\/l (considerada crime).<\/p>\n<p>Do total das v\u00edtimas de acidentes de via\u00e7\u00e3o autopsiadas, 23% apresentavam uma taxa de \u00e1lcool no sangue superior ao limite legalmente permitido, das quais 73% excediam a taxa considerada crime.<\/p>\n<p>A ANSR, a GNR e a PSP relembram que a condu\u00e7\u00e3o sob a influ\u00eancia do \u00e1lcool \u00e9 um risco para todos e sublinham que com uma taxa de \u00e1lcool no sangue de 0,5 g\/l, o risco de sofrer um acidente grave ou mortal duplica.<\/p>\n<p>Explicam que o \u00e1lcool diminui o campo visual, provocando a chamada \u201cvis\u00e3o em t\u00fanel\u201d, e esta perda de capacidades, bem como as altera\u00e7\u00f5es de comportamento, que podem levar a estados de euforia e de desinibi\u00e7\u00e3o, aumentam o risco de envolvimento em acidentes rodovi\u00e1rios.<\/p>\n","protected":false},"excerpt":{"rendered":"A campanha de sensibiliza\u00e7\u00e3o para os riscos da condu\u00e7\u00e3o sob a influ\u00eancia do \u00e1lcool \u201cTaxa Zero ao Volante\u201d&hellip;\n","protected":false},"author":2,"featured_media":139034,"comment_status":"","ping_status":"","sticky":false,"template":"","format":"standard","meta":{"footnotes":""},"categories":[10],"tags":[59,8436,2702,8623,27,28,30996,476,14688,15,16,2002,14,8624,25,26,21,22,42,12,13,19,20,2003,32,23,24,33,2946,2004,58,17,18,27795,29,30,31],"class_list":{"0":"post-139033","1":"post","2":"type-post","3":"status-publish","4":"format-standard","5":"has-post-thumbnail","7":"category-portugal","8":"tag-acidente","9":"tag-acidente-rodoviu00e1rio","10":"tag-auto","11":"tag-autoestradas","12":"tag-breaking-news","13":"tag-breakingnews","14":"tag-campanhas","15":"tag-economia","16":"tag-estradas","17":"tag-featured-news","18":"tag-featurednews","19":"tag-gnr","20":"tag-headlines","21":"tag-infraestruturas","22":"tag-latest-news","23":"tag-latestnews","24":"tag-main-news","25":"tag-mainnews","26":"tag-mercado","27":"tag-news","28":"tag-noticias","29":"tag-noticias-principais","30":"tag-noticiasprincipais","31":"tag-polu00edcia","32":"tag-portugal","33":"tag-principais-noticias","34":"tag-principaisnoticias","35":"tag-pt","36":"tag-sau00fade","37":"tag-seguranu00e7a","38":"tag-sociedade","39":"tag-top-stories","40":"tag-topstories","41":"tag-u00c1lcool","42":"tag-ultimas","43":"tag-ultimas-noticias","44":"tag-ultimasnoticias"},"share_on_mastodon":{"url":"","error":"Validation failed: Text character limit of 500 exceeded"},"_links":{"self":[{"href":"https:\/\/www.europesays.com\/pt\/wp-json\/wp\/v2\/posts\/139033","targetHints":{"allow":["GET"]}}],"collection":[{"href":"https:\/\/www.europesays.com\/pt\/wp-json\/wp\/v2\/posts"}],"about":[{"href":"https:\/\/www.europesays.com\/pt\/wp-json\/wp\/v2\/types\/post"}],"author":[{"embeddable":true,"href":"https:\/\/www.europesays.com\/pt\/wp-json\/wp\/v2\/users\/2"}],"replies":[{"embeddable":true,"href":"https:\/\/www.europesays.com\/pt\/wp-json\/wp\/v2\/comments?post=139033"}],"version-history":[{"count":0,"href":"https:\/\/www.europesays.com\/pt\/wp-json\/wp\/v2\/posts\/139033\/revisions"}],"wp:featuredmedia":[{"embeddable":true,"href":"https:\/\/www.europesays.com\/pt\/wp-json\/wp\/v2\/media\/139034"}],"wp:attachment":[{"href":"https:\/\/www.europesays.com\/pt\/wp-json\/wp\/v2\/media?parent=139033"}],"wp:term":[{"taxonomy":"category","embeddable":true,"href":"https:\/\/www.europesays.com\/pt\/wp-json\/wp\/v2\/categories?post=139033"},{"taxonomy":"post_tag","embeddable":true,"href":"https:\/\/www.europesays.com\/pt\/wp-json\/wp\/v2\/tags?post=139033"}],"curies":[{"name":"wp","href":"https:\/\/api.w.org\/{rel}","templated":true}]}}