{"id":139035,"date":"2025-11-04T10:10:39","date_gmt":"2025-11-04T10:10:39","guid":{"rendered":"https:\/\/www.europesays.com\/pt\/139035\/"},"modified":"2025-11-04T10:10:39","modified_gmt":"2025-11-04T10:10:39","slug":"ate-100-mm-no-minho-e-perto-de-sessenta-nestas-regioes","status":"publish","type":"post","link":"https:\/\/www.europesays.com\/pt\/139035\/","title":{"rendered":"at\u00e9 100 mm no Minho e perto de sessenta nestas regi\u00f5es"},"content":{"rendered":"<p> <img decoding=\"async\" fetchpriority=\"high\" src=\"https:\/\/www.europesays.com\/pt\/wp-content\/uploads\/2025\/11\/dailymotion-x9t30qo_1024.jpg\"  width=\"768\" height=\"432\" id=\"x9t30qo\"\/>  <\/p>\n<p>Vai come\u00e7ar uma semana chuvosa em Portugal, com a precipita\u00e7\u00e3o acumulada em v\u00e1rias regi\u00f5es a ultrapassar facilmente os 50 mm. O tempo estar\u00e1 ameno em geral, embora com uma descida tempor\u00e1ria das temperaturas a partir de quarta-feira (5).<\/p>\n<p>    <img decoding=\"async\" fetchpriority=\"high\" src=\"https:\/\/www.europesays.com\/pt\/wp-content\/uploads\/2025\/10\/alfredo-graca.jpg\" alt=\"Alfredo Gra\u00e7a\" width=\"40\" height=\"40\"\/>    <a class=\"nombre text-hv\" href=\"https:\/\/www.tempo.pt\/autor\/alfredo-graca\/\" title=\"Alfredo Gra\u00e7a\" rel=\"nofollow noopener\" target=\"_blank\">Alfredo Gra\u00e7a<\/a>        02\/11\/2025 15:33   8 min   <\/p>\n<p><strong>O tempo da pr\u00f3xima semana vai continuar a ser dominado pela chuva, sobretudo no Norte e Centro de Portugal continental<\/strong>, devido a uma din\u00e2mica atl\u00e2ntica ativa, constitu\u00edda pela passagem de sistemas frontais. <strong>O \u00edndice NAO mudar\u00e1 para valores ligeiramente positivos<\/strong>, o que significa que o anticiclone ganhar\u00e1 algum terreno a partir do sudoeste de Portugal continental, embora sem conseguir manter a sua influ\u00eancia durante muitos dias.<\/p>\n<p>Seja o primeiro a receber as previs\u00f5es gra\u00e7as ao <strong><a href=\"https:\/\/www.whatsapp.com\/channel\/0029VaxX6njIyPtRY4lOMd1b\" target=\"_blank\" rel=\"nofollow noopener\">nosso canal do WhatsApp<\/a><\/strong>. Siga-nos e ative as notifica\u00e7\u00f5es.<\/p>\n<p><strong>Vai come\u00e7a uma nova semana amena em termos de temperaturas<\/strong>, ainda sem perspetiva de entrada de frio intenso. Nos primeiros dias da semana as temperaturas m\u00e1ximas e m\u00ednimas manter\u00e3o valores ligeiramente acima para a \u00e9poca do ano,<strong> mas a partir de quarta-feira (5) espera-se uma descida t\u00e9rmica<\/strong>.<\/p>\n<p>V\u00e3o cair at\u00e9 100 mm de chuva no Minho<\/p>\n<p><strong>A pr\u00f3xima semana vai voltar a ser muito chuvosa em grande parte da geografia de Portugal continental e no arquip\u00e9lago dos A\u00e7ores, com anomalias positivas de precipita\u00e7\u00e3o devido ao fluxo de ventos atl\u00e2nticos<\/strong>. Pelo contr\u00e1rio, no arquip\u00e9lago da Madeira, espera-se uma semana tendencialmente seca, com n\u00edveis de precipita\u00e7\u00e3o inferiores aos valores m\u00e9dios de refer\u00eancia.<\/p>\n<p><img loading=\"lazy\" decoding=\"async\" fetchpriority=\"low\" class=\"lazy \" src=\"https:\/\/www.europesays.com\/pt\/wp-content\/uploads\/2025\/11\/tempo-em-portugal-na-proxima-semana-ate-100-mm-no-minho-e-perto-de-sessenta-nestas-regioes-176209689.png\"  width=\"768\" height=\"432\" data-image=\"9bji6809qxs3\"\/>Este mapa revela a possibilidade de uma nova frente fria atingir em cheio todo o territ\u00f3rio de Portugal continental na pr\u00f3xima quarta-feira (5), trazendo mais per\u00edodos de chuva moderada e persistente, por vezes forte.<\/p>\n<p><strong>Segunda-feira (3) ser\u00e1 um dia de transi\u00e7\u00e3o, com tempo est\u00e1vel e seco em quase todo o territ\u00f3rio do Continente<\/strong>. Por\u00e9m, a partir do fim da tarde, s\u00e3o esperados alguns aguaceiros fracos no Minho, Douro Litoral e nalguns locais montanhosos do Norte e Centro devido \u00e0 aproxima\u00e7\u00e3o de um novo sistema frontal. <\/p>\n<p>Na ter\u00e7a-feira (4) de manh\u00e3 prev\u00ea-se a possibilidade de aguaceiros fracos e dispersos entre Douro e Tejo e nalgumas zonas do litoral a sul do Tejo, sendo que, na segunda metade do dia, <strong>uma frente provocar\u00e1 v\u00e1rios per\u00edodos de chuva fraca, mas persistente, que se limitar\u00e1 principalmente aos distritos de Viana do Castelo e Braga (Minho), Porto (Douro Litoral) e extremo norte do distrito de Vila Real<\/strong>. <\/p>\n<p>A precipita\u00e7\u00e3o acumulada no Noroeste de Portugal continental rondar\u00e1 os 5\/10 mm ao final do dia de ter\u00e7a-feira (4) e s\u00f3 n\u00e3o ser\u00e1 um valor mais elevado, <strong>porque a frente fria ser\u00e1 travada pelo predom\u00ednio da crista anticicl\u00f3nica<\/strong><strong>. No resto do pa\u00eds estar\u00e1 c\u00e9u nublado ou parcialmente nublado<\/strong>.<\/p>\n<p><img loading=\"lazy\" decoding=\"async\" fetchpriority=\"low\" class=\"lazy \" src=\"https:\/\/www.europesays.com\/pt\/wp-content\/uploads\/2025\/11\/tempo-em-portugal-na-proxima-semana-ate-100-mm-no-minho-e-perto-de-sessenta-nestas-regioes-176209701.png\"  width=\"768\" height=\"432\" data-image=\"199xnftkxzj1\"\/>Mapa de precipita\u00e7\u00e3o acumulada em Portugal continental, A\u00e7ores e Madeira. O Noroeste do Continente poder\u00e1 ser novamente a zona mais afetada pela precipita\u00e7\u00e3o na semana vindoura.<\/p>\n<p><strong>Na quarta-feira (5)<\/strong> a crista anticicl\u00f3nica j\u00e1 n\u00e3o estar\u00e1 robusta o suficiente para impedir a progress\u00e3o da <strong>frente fria<\/strong>, que avan\u00e7ar\u00e1 de noroeste para sudeste de Portugal continental, gerando <strong>chuva<\/strong> em todo o pa\u00eds, embora com <strong>maior probabilidade e frequ\u00eancia nas regi\u00f5es a norte do sistema montanhoso Montejunto-Estrela e sobretudo naquelas que se situam a oeste da Barreira de Condensa\u00e7\u00e3o<\/strong>. Al\u00e9m disso, ser\u00e1 refor\u00e7ada por um <strong>rio de humidade que tornar\u00e1 a precipita\u00e7\u00e3o mais forte e persistente<\/strong>.<\/p>\n<p><strong>Prev\u00ea-se que quarta-feira (5) seja mesmo o dia mais chuvoso da semana, n\u00e3o se excluindo a potencial ocorr\u00eancia de trovoadas em v\u00e1rias zonas do Centro e Sul<\/strong>.<\/p>\n<p>De momento, os mapas estimam que a ocorr\u00eancia de atividade el\u00e9trica seria mais prov\u00e1vel, frequente e intensa nas <strong>regi\u00f5es entre o Mondego e o Algarve<\/strong>, podendo de forma mais dispersa surgir no litoral Norte. Como j\u00e1 \u00e9 habitual em fen\u00f3menos atmosf\u00e9ricos desta natureza, <strong>a incerteza \u00e9 bastante elevada<\/strong>.<\/p>\n<p>De acordo com os mapas de refer\u00eancia da Meteored, ao final do dia de quarta-feira (5), <strong>a precipita\u00e7\u00e3o acumulada no Minho poder\u00e1 rondar os 80 mm, e nos distritos de Porto, Aveiro, Viseu, Coimbra e Guarda<\/strong> &#8211; total ou parcialmente &#8211; poder\u00e1 atingir um m\u00e1ximo de <strong>60 mm<\/strong>.<\/p>\n<p><img loading=\"lazy\" decoding=\"async\" fetchpriority=\"low\" class=\"lazy \" src=\"https:\/\/www.europesays.com\/pt\/wp-content\/uploads\/2025\/11\/tempo-em-portugal-na-proxima-semana-ate-100-mm-no-minho-e-perto-de-sessenta-nestas-regioes-176209713.png\"  width=\"768\" height=\"432\" data-image=\"6z7jgzcla9w5\"\/>De momento, os mapas de densidade de raios estimam que a ocorr\u00eancia de trovoada \u00e9 mais prov\u00e1vel nas zonas entre o Mondego e o Algarve.<\/p>\n<p>Ainda de acordo com o modelo Europeu, espera-se que <strong>na quinta-feira (6) persista alguma precipita\u00e7\u00e3o de fraca intensidade, mais prov\u00e1vel no litoral Norte e Centro &#8211; sobretudo na primeira metade do dia<\/strong> -, devido \u00e0 presen\u00e7a da frente fria que ainda estar\u00e1 sobre o nosso territ\u00f3rio, embora j\u00e1 em fase de dissipa\u00e7\u00e3o. O resto do dia de quinta-feira (6) dever\u00e1 ser mais est\u00e1vel, sem chuva e com nebulosidade.<\/p>\n<p><strong>Mas a estabilidade n\u00e3o durar\u00e1 muito, dado que passadas nem 24 horas, os mapas denunciam a chegada de uma nova frente atl\u00e2ntica<\/strong> que trar\u00e1, possivelmente a partir das primeiras horas da madrugada de sexta-feira (7), mais <strong>per\u00edodos de chuva fraca a moderada \u00e0s Regi\u00f5es Norte e Centro<\/strong> e possivelmente a algumas zonas da <strong>\u00c1rea Metropolitana de Lisboa<\/strong>.<\/p>\n<p>Semana amena \u00e0 vista, mas com anomalias at\u00e9 +3 \u00baC nalgumas zonas<\/p>\n<p>O modelo Europeu \u00e9 claro: <strong>a pr\u00f3xima semana ser\u00e1 amena em Portugal continental, com temperaturas at\u00e9 1 \u00baC acima do normal<\/strong>, exceto na Regi\u00e3o Norte, na parte setentrional da Regi\u00e3o Centro e nalgumas zonas do Alentejo <strong>(anomalia t\u00e9rmica positiva de + 3 \u00baC)<\/strong>.<\/p>\n<p>Ap\u00f3s uma fria madrugada de segunda-feira (3), <strong>at\u00e9 quarta-feira (5) as temperaturas m\u00e1ximas ser\u00e3o iguais ou superiores a 19\/20 \u00baC em v\u00e1rias capitais distritais, com o term\u00f3metro a poder atingir 22 \u00baC em \u00c9vora e Faro e 23 \u00baC em Beja<\/strong>. Por\u00e9m, de quinta-feira (6) em diante os dias tornar-se-\u00e3o mais frescos, com m\u00e1ximas entre os 11 e os 18 \u00baC em grande parte da geografia de Portugal continental.<\/p>\n<p><a class=\"imagen \" href=\"https:\/\/www.tempo.pt\/noticias\/previsao\/o-modelo-europeu-ja-marcou-a-data-da-proxima-frente-com-chuva-que-afetara-portugal-continental.html\" title=\"O modelo Europeu j\u00e1 marcou a data da pr\u00f3xima frente com chuva que afetar\u00e1 Portugal continental\" rel=\"nofollow noopener\" target=\"_blank\"><img loading=\"lazy\" decoding=\"async\" fetchpriority=\"low\" class=\"lazy img-body non-editable\" src=\"https:\/\/www.europesays.com\/pt\/wp-content\/uploads\/2025\/11\/o-modelo-europeu-ja-marcou-a-data-da-proxima-frente-com-chuva-que-afetara-portugal-continental-17620.png\"  width=\"320\" height=\"225\" alt=\"O modelo Europeu j\u00e1 marcou a data da pr\u00f3xima frente com chuva que afetar\u00e1 Portugal continental\"\/><\/a><\/p>\n<p>As noites ser\u00e3o bem mais frias nas regi\u00f5es do <strong>Interior, sobretudo no Nordeste Transmontano e na Beira Alta, com as m\u00ednimas a poderem baixar at\u00e9 aos 3 \u00baC. Nas regi\u00f5es do Litoral, as temperaturas manter-se-\u00e3o entre os 10 e os 14 \u00baC<\/strong> devido ao vento atl\u00e2ntico que produzir\u00e1 um efeito de termorregula\u00e7\u00e3o. A descida t\u00e9rmica ser\u00e1 especialmente sentida a partir de quarta-feira (5) em todo o pa\u00eds, embora com mais \u00eanfase nas regi\u00f5es do Interior, onde os valores das temperaturas m\u00ednimas ser\u00e3o mais baixos.<\/p>\n","protected":false},"excerpt":{"rendered":"Vai come\u00e7ar uma semana chuvosa em Portugal, com a precipita\u00e7\u00e3o acumulada em v\u00e1rias regi\u00f5es a ultrapassar facilmente os&hellip;\n","protected":false},"author":2,"featured_media":139036,"comment_status":"","ping_status":"","sticky":false,"template":"","format":"standard","meta":{"footnotes":""},"categories":[8],"tags":[27,28,2139,1531,15,16,2140,14,25,26,21,22,606,12,13,19,20,32,1429,23,24,33,30997,7069,12325,4116,17,18,29,30,31],"class_list":{"0":"post-139035","1":"post","2":"type-post","3":"status-publish","4":"format-standard","5":"has-post-thumbnail","7":"category-principais-noticias","8":"tag-breaking-news","9":"tag-breakingnews","10":"tag-chuva","11":"tag-depressao","12":"tag-featured-news","13":"tag-featurednews","14":"tag-frente-fria","15":"tag-headlines","16":"tag-latest-news","17":"tag-latestnews","18":"tag-main-news","19":"tag-mainnews","20":"tag-meteorologia","21":"tag-news","22":"tag-noticias","23":"tag-noticias-principais","24":"tag-noticiasprincipais","25":"tag-portugal","26":"tag-previsao-do-tempo","27":"tag-principais-noticias","28":"tag-principaisnoticias","29":"tag-pt","30":"tag-tempo-em-novembro","31":"tag-tempo-para-amanha","32":"tag-tempo-proxima-semana","33":"tag-tempo-proximos-dias","34":"tag-top-stories","35":"tag-topstories","36":"tag-ultimas","37":"tag-ultimas-noticias","38":"tag-ultimasnoticias"},"share_on_mastodon":{"url":"https:\/\/pubeurope.com\/@pt\/115490890120693425","error":""},"_links":{"self":[{"href":"https:\/\/www.europesays.com\/pt\/wp-json\/wp\/v2\/posts\/139035","targetHints":{"allow":["GET"]}}],"collection":[{"href":"https:\/\/www.europesays.com\/pt\/wp-json\/wp\/v2\/posts"}],"about":[{"href":"https:\/\/www.europesays.com\/pt\/wp-json\/wp\/v2\/types\/post"}],"author":[{"embeddable":true,"href":"https:\/\/www.europesays.com\/pt\/wp-json\/wp\/v2\/users\/2"}],"replies":[{"embeddable":true,"href":"https:\/\/www.europesays.com\/pt\/wp-json\/wp\/v2\/comments?post=139035"}],"version-history":[{"count":0,"href":"https:\/\/www.europesays.com\/pt\/wp-json\/wp\/v2\/posts\/139035\/revisions"}],"wp:featuredmedia":[{"embeddable":true,"href":"https:\/\/www.europesays.com\/pt\/wp-json\/wp\/v2\/media\/139036"}],"wp:attachment":[{"href":"https:\/\/www.europesays.com\/pt\/wp-json\/wp\/v2\/media?parent=139035"}],"wp:term":[{"taxonomy":"category","embeddable":true,"href":"https:\/\/www.europesays.com\/pt\/wp-json\/wp\/v2\/categories?post=139035"},{"taxonomy":"post_tag","embeddable":true,"href":"https:\/\/www.europesays.com\/pt\/wp-json\/wp\/v2\/tags?post=139035"}],"curies":[{"name":"wp","href":"https:\/\/api.w.org\/{rel}","templated":true}]}}