{"id":139039,"date":"2025-11-04T10:14:46","date_gmt":"2025-11-04T10:14:46","guid":{"rendered":"https:\/\/www.europesays.com\/pt\/139039\/"},"modified":"2025-11-04T10:14:46","modified_gmt":"2025-11-04T10:14:46","slug":"secret-story-expulsa-mariana-descobre-que-pedro-jorge-e-marisa-sao-casados-e-e-assim-que-reage","status":"publish","type":"post","link":"https:\/\/www.europesays.com\/pt\/139039\/","title":{"rendered":"&#8220;Secret Story&#8221;: expulsa, Mariana descobre que Pedro Jorge e Marisa s\u00e3o casados&#8230; e \u00e9 assim que reage!"},"content":{"rendered":"<p><a href=\"https:\/\/selfie.iol.pt\/famosos\/casa-dos-segredos\/secret-story-mariana-e-expulsa-e-reage-assim\/20251103\/6907f2bfd34e3caad84ad246\" target=\"_blank\" rel=\"nofollow noopener\">Mariana\u00a0\u00e9 a expulsa deste domingo, dia 2, de &#8220;Secret Story &#8211; Casa dos Segredos&#8221;<\/a>\u00a0e, instantes depois de sair do\u00a0reality show\u00a0da\u00a0<a href=\"https:\/\/tvi.iol.pt\/\" target=\"_blank\" wbo-id=\"60\" rel=\"nofollow noopener\">TVI<\/a>, a, agora, ex-concorrente j\u00e1 p\u00f4de saber de alguns segredos dos antigos colegas.<\/p>\n<p>Por exemplo, a jovem mostrou-se surpreendida ao descobrir, atrav\u00e9s de Cristina Ferreira, que Pedro Jorge e Marisa s\u00e3o casados.<\/p>\n<p>No entanto, quando a apresentadora contou que Marisa tinha o marido na casa mais vigiada do pa\u00eds, Mariana adivinhou logo que seria Pedro Jorge. &#8220;J\u00e1 tinha desconfiado ontem&#8230; Est\u00e3o muito \u00e0-vontade&#8221;, explicou a a\u00e7oriana.<\/p>\n<p>Veja, agora,\u00a0algumas das melhores imagens de Mariana na galeria de fotografias que prepar\u00e1mos para si.<\/p>\n","protected":false},"excerpt":{"rendered":"Mariana\u00a0\u00e9 a expulsa deste domingo, dia 2, de &#8220;Secret Story &#8211; Casa dos Segredos&#8221;\u00a0e, instantes depois de sair&hellip;\n","protected":false},"author":2,"featured_media":139040,"comment_status":"","ping_status":"","sticky":false,"template":"","format":"standard","meta":{"footnotes":""},"categories":[142],"tags":[2632,114,115,980,619,32,33,1014,1315,1012,151,162],"class_list":{"0":"post-139039","1":"post","2":"type-post","3":"status-publish","4":"format-standard","5":"has-post-thumbnail","7":"category-tv","8":"tag-casa-dos-segredos","9":"tag-entertainment","10":"tag-entretenimento","11":"tag-famosos","12":"tag-nacional","13":"tag-portugal","14":"tag-pt","15":"tag-reality-show","16":"tag-secret-story","17":"tag-selfie","18":"tag-tv","19":"tag-tvi"},"share_on_mastodon":{"url":"https:\/\/pubeurope.com\/@pt\/115490905418339722","error":""},"_links":{"self":[{"href":"https:\/\/www.europesays.com\/pt\/wp-json\/wp\/v2\/posts\/139039","targetHints":{"allow":["GET"]}}],"collection":[{"href":"https:\/\/www.europesays.com\/pt\/wp-json\/wp\/v2\/posts"}],"about":[{"href":"https:\/\/www.europesays.com\/pt\/wp-json\/wp\/v2\/types\/post"}],"author":[{"embeddable":true,"href":"https:\/\/www.europesays.com\/pt\/wp-json\/wp\/v2\/users\/2"}],"replies":[{"embeddable":true,"href":"https:\/\/www.europesays.com\/pt\/wp-json\/wp\/v2\/comments?post=139039"}],"version-history":[{"count":0,"href":"https:\/\/www.europesays.com\/pt\/wp-json\/wp\/v2\/posts\/139039\/revisions"}],"wp:featuredmedia":[{"embeddable":true,"href":"https:\/\/www.europesays.com\/pt\/wp-json\/wp\/v2\/media\/139040"}],"wp:attachment":[{"href":"https:\/\/www.europesays.com\/pt\/wp-json\/wp\/v2\/media?parent=139039"}],"wp:term":[{"taxonomy":"category","embeddable":true,"href":"https:\/\/www.europesays.com\/pt\/wp-json\/wp\/v2\/categories?post=139039"},{"taxonomy":"post_tag","embeddable":true,"href":"https:\/\/www.europesays.com\/pt\/wp-json\/wp\/v2\/tags?post=139039"}],"curies":[{"name":"wp","href":"https:\/\/api.w.org\/{rel}","templated":true}]}}