{"id":139061,"date":"2025-11-04T10:29:28","date_gmt":"2025-11-04T10:29:28","guid":{"rendered":"https:\/\/www.europesays.com\/pt\/139061\/"},"modified":"2025-11-04T10:29:28","modified_gmt":"2025-11-04T10:29:28","slug":"pedro-e-salvo-mas-no-regresso-a-casa-so-um-concorrente-se-levanta-para-o-receber","status":"publish","type":"post","link":"https:\/\/www.europesays.com\/pt\/139061\/","title":{"rendered":"Pedro \u00e9 salvo, mas no regresso \u00e0 casa s\u00f3 um concorrente se levanta para o receber"},"content":{"rendered":"<p>\t\t\t\t\t\t\t\t\t\t<img decoding=\"async\" src=\"https:\/\/www.europesays.com\/pt\/wp-content\/uploads\/2025\/11\/1762234354_747_320.webp\" alt=\"Lavada em l\u00e1grimas, Marisa \u00absofre\u00bb por Pedro: \u00abS\u00f3 sinto raiva, n\u00e3o mere\u00e7o (\u2026) est\u00e1 a enxovalhar-me, \" width=\"320\" height=\"180\" loading=\"lazy\"\/><\/p>\n<p>\t\t\t\t\t\t\t\t\t\t\t\t\t00:02:18<\/p>\n<p>\t\t\t\t\t\t\t\t\t\t\tLavada em l\u00e1grimas, Marisa \u00absofre\u00bb por Pedro: \u00abS\u00f3 sinto raiva, n\u00e3o mere\u00e7o (\u2026) est\u00e1 a enxovalhar-me, desrespeitar-me\u00bb<\/p>\n<p>\t\t\t\t\t\t\t\t\t\t\tOntem<\/p>\n<p>\t\t\t\t\t\t\t\t\t<a href=\"https:\/\/tviplayer.iol.pt\/programa\/secret-story\/66d83c2dd34ea1acf26df8b7\/video\/690924350cf28fe430485420\" aria-label=\"Lavada em l\u00e1grimas, Marisa \u00absofre\u00bb por Pedro: \u00abS\u00f3 sinto raiva, n\u00e3o mere\u00e7o (\u2026) est\u00e1 a enxovalhar-me, desrespeitar-me\u00bb\" title=\"Lavada em l\u00e1grimas, Marisa \u00absofre\u00bb por Pedro: \u00abS\u00f3 sinto raiva, n\u00e3o mere\u00e7o (\u2026) est\u00e1 a enxovalhar-me, desrespeitar-me\u00bb\" rel=\"nofollow noopener\" target=\"_blank\"><\/p>\n","protected":false},"excerpt":{"rendered":"00:02:18 Lavada em l\u00e1grimas, Marisa \u00absofre\u00bb por Pedro: \u00abS\u00f3 sinto raiva, n\u00e3o mere\u00e7o (\u2026) est\u00e1 a enxovalhar-me, desrespeitar-me\u00bb&hellip;\n","protected":false},"author":2,"featured_media":139062,"comment_status":"","ping_status":"","sticky":false,"template":"","format":"standard","meta":{"footnotes":""},"categories":[142],"tags":[114,115,14646,32,33,151],"class_list":{"0":"post-139061","1":"post","2":"type-post","3":"status-publish","4":"format-standard","5":"has-post-thumbnail","7":"category-tv","8":"tag-entertainment","9":"tag-entretenimento","10":"tag-pedro","11":"tag-portugal","12":"tag-pt","13":"tag-tv"},"share_on_mastodon":{"url":"https:\/\/pubeurope.com\/@pt\/115490964626358754","error":""},"_links":{"self":[{"href":"https:\/\/www.europesays.com\/pt\/wp-json\/wp\/v2\/posts\/139061","targetHints":{"allow":["GET"]}}],"collection":[{"href":"https:\/\/www.europesays.com\/pt\/wp-json\/wp\/v2\/posts"}],"about":[{"href":"https:\/\/www.europesays.com\/pt\/wp-json\/wp\/v2\/types\/post"}],"author":[{"embeddable":true,"href":"https:\/\/www.europesays.com\/pt\/wp-json\/wp\/v2\/users\/2"}],"replies":[{"embeddable":true,"href":"https:\/\/www.europesays.com\/pt\/wp-json\/wp\/v2\/comments?post=139061"}],"version-history":[{"count":0,"href":"https:\/\/www.europesays.com\/pt\/wp-json\/wp\/v2\/posts\/139061\/revisions"}],"wp:featuredmedia":[{"embeddable":true,"href":"https:\/\/www.europesays.com\/pt\/wp-json\/wp\/v2\/media\/139062"}],"wp:attachment":[{"href":"https:\/\/www.europesays.com\/pt\/wp-json\/wp\/v2\/media?parent=139061"}],"wp:term":[{"taxonomy":"category","embeddable":true,"href":"https:\/\/www.europesays.com\/pt\/wp-json\/wp\/v2\/categories?post=139061"},{"taxonomy":"post_tag","embeddable":true,"href":"https:\/\/www.europesays.com\/pt\/wp-json\/wp\/v2\/tags?post=139061"}],"curies":[{"name":"wp","href":"https:\/\/api.w.org\/{rel}","templated":true}]}}