{"id":139081,"date":"2025-11-04T10:43:08","date_gmt":"2025-11-04T10:43:08","guid":{"rendered":"https:\/\/www.europesays.com\/pt\/139081\/"},"modified":"2025-11-04T10:43:08","modified_gmt":"2025-11-04T10:43:08","slug":"assista-a-integra-do-jornal-da-record","status":"publish","type":"post","link":"https:\/\/www.europesays.com\/pt\/139081\/","title":{"rendered":"Assista \u00e0 \u00edntegra do Jornal da Record"},"content":{"rendered":"<p class=\"jarvics:base-text-neutral-high-400 base-text-[calc(theme(fontSize.xs)_*_var(--font-size,_1))] base-font-normal base-font-primary base-text-neutral-low-500 base-text-left\">Confira na edi\u00e7\u00e3o do Jornal da Record desta segunda (3): Ex-ajudante de ordens de Jair Bolsonaro, Mauro Cid tira tornozeleira e come\u00e7a a cumprir pena em regime aberto. Temporal provoca estragos e acidente de \u00f4nibus com ao menos tr\u00eas mortos, em Goi\u00e1s. Ministro do Supremo Alexandre de Moraes se re\u00fane com governador do Rio de Janeiro para discutir seguran\u00e7a p\u00fablica. No Par\u00e1, presidente Lula decreta GLO que autoriza atua\u00e7\u00e3o das for\u00e7as armadas durante a COP30. T\u00e9cnico Carlo Ancelotti faz \u00faltima convoca\u00e7\u00e3o do ano com Vitor Roque, do Palmeiras, e outras novidades. E a morte de L\u00f4 Borges, um dos fundadores do clube da esquina, e que fez hist\u00f3ria ao lado de Milton Nascimento.<\/p>\n","protected":false},"excerpt":{"rendered":"Confira na edi\u00e7\u00e3o do Jornal da Record desta segunda (3): Ex-ajudante de ordens de Jair Bolsonaro, Mauro Cid&hellip;\n","protected":false},"author":2,"featured_media":139082,"comment_status":"","ping_status":"","sticky":false,"template":"","format":"standard","meta":{"footnotes":""},"categories":[142],"tags":[114,115,4286,32,33,151],"class_list":{"0":"post-139081","1":"post","2":"type-post","3":"status-publish","4":"format-standard","5":"has-post-thumbnail","7":"category-tv","8":"tag-entertainment","9":"tag-entretenimento","10":"tag-jornal-da-record","11":"tag-portugal","12":"tag-pt","13":"tag-tv"},"share_on_mastodon":{"url":"https:\/\/pubeurope.com\/@pt\/115491019356916530","error":""},"_links":{"self":[{"href":"https:\/\/www.europesays.com\/pt\/wp-json\/wp\/v2\/posts\/139081","targetHints":{"allow":["GET"]}}],"collection":[{"href":"https:\/\/www.europesays.com\/pt\/wp-json\/wp\/v2\/posts"}],"about":[{"href":"https:\/\/www.europesays.com\/pt\/wp-json\/wp\/v2\/types\/post"}],"author":[{"embeddable":true,"href":"https:\/\/www.europesays.com\/pt\/wp-json\/wp\/v2\/users\/2"}],"replies":[{"embeddable":true,"href":"https:\/\/www.europesays.com\/pt\/wp-json\/wp\/v2\/comments?post=139081"}],"version-history":[{"count":0,"href":"https:\/\/www.europesays.com\/pt\/wp-json\/wp\/v2\/posts\/139081\/revisions"}],"wp:featuredmedia":[{"embeddable":true,"href":"https:\/\/www.europesays.com\/pt\/wp-json\/wp\/v2\/media\/139082"}],"wp:attachment":[{"href":"https:\/\/www.europesays.com\/pt\/wp-json\/wp\/v2\/media?parent=139081"}],"wp:term":[{"taxonomy":"category","embeddable":true,"href":"https:\/\/www.europesays.com\/pt\/wp-json\/wp\/v2\/categories?post=139081"},{"taxonomy":"post_tag","embeddable":true,"href":"https:\/\/www.europesays.com\/pt\/wp-json\/wp\/v2\/tags?post=139081"}],"curies":[{"name":"wp","href":"https:\/\/api.w.org\/{rel}","templated":true}]}}