{"id":139083,"date":"2025-11-04T10:45:08","date_gmt":"2025-11-04T10:45:08","guid":{"rendered":"https:\/\/www.europesays.com\/pt\/139083\/"},"modified":"2025-11-04T10:45:08","modified_gmt":"2025-11-04T10:45:08","slug":"robert-englund-quer-novo-terror-do-diretor-de-freddy-vs-jason","status":"publish","type":"post","link":"https:\/\/www.europesays.com\/pt\/139083\/","title":{"rendered":"Robert Englund quer novo TERROR do diretor de &#8216;Freddy vs. Jason&#8217;"},"content":{"rendered":"<p>Em entrevista ao <a href=\"https:\/\/www.dreadcentral.com\/dread-central-digital-feature\/546821\/robert-englund-on-his-proudest-elm-street-alumni-its-most-underrated-sequel-and-the-secret-side-of-wes-craven-digital-feature\/\" target=\"_blank\" rel=\"noopener nofollow\">Dread Central<\/a>, <strong>Robert Englund<\/strong> (\u2018A Hora do Pesadelo\u2019) revelou que adoraria assistir um novo filme de terror dirigido por <strong>Ronny Yu<\/strong>.<\/p>\n<p>O ator, int\u00e9rprete do lend\u00e1rio Freddy Krueger, trabalhou ao lado do cineasta no filme crossover \u2018<strong>Freddy vs. Jason<\/strong>\u2018.<\/p>\n<p>\u201cEu adoraria ver algo novo do diretor Ronnie Yu. Ele realmente fez \u2018Freddy vs. Jason\u2019 dar certo. At\u00e9 hoje lembro de ter participado de um festival, h\u00e1 alguns anos, onde assisti \u2018A Noiva de Chucky\u2019.\u201d<\/p>\n<p>Ele completa, \u201cRonnie tem um grande talento para filmes de terror ousados, que parecem ter sa\u00eddo de uma revista de quadrinhos.\u201d<\/p>\n<p>Anteriormente, <strong>Richard Brener<\/strong>, presidente da <strong><a href=\"https:\/\/cinepop.com.br\/tag\/new-line\/\" title=\"New Line\" rel=\"nofollow noopener\" target=\"_blank\">New Line<\/a> Cinema<\/strong>, havia comentado sobre o sobre o futuro da franquia \u2018<strong>A Hora do Pesadelo<\/strong>\u2018:\u00a0\u201cEspero que possamos [lan\u00e7ar um novo filme da franquia \u2018A Hora do Pesadelo\u2019]. \u00c9 uma quest\u00e3o complicada por causa dos direitos autorais.\u201d<\/p>\n<p>Vale destacar que, assim como \u2018<strong><a href=\"https:\/\/cinepop.com.br\/tag\/sexta-feira-13\/\" title=\"Sexta-Feira 13\" rel=\"nofollow noopener\" target=\"_blank\">Sexta-Feira 13<\/a><\/strong>\u2018, a franquia do dem\u00f4nio dos sonhos tamb\u00e9m est\u00e1 presa em um conflito legal. Em 2019, <strong>Wes Craven<\/strong> recuperou os direitos da saga no territ\u00f3rio norte-americano, mas a <strong><a href=\"https:\/\/cinepop.com.br\/tag\/new-line\/\" title=\"New Line\" rel=\"nofollow noopener\" target=\"_blank\">New Line<\/a><\/strong> ainda mant\u00e9m os direitos internacionais.<\/p>\n<p>Desta forma, nenhuma das partes pode seguir em frente com o desenvolvimento de um novo filme sem um acordo.<\/p>\n<p>Vale lembrar que o produtor <strong><a href=\"https:\/\/cinepop.com.br\/tag\/jason-blum\/\" title=\"Jason Blum\" rel=\"nofollow noopener\" target=\"_blank\">Jason Blum<\/a><\/strong> j\u00e1 havia expressado sobre seu interesse nos poss\u00edveis reboots das franquias \u2018<strong><a href=\"https:\/\/cinepop.com.br\/tag\/sexta-feira-13\/\" title=\"Sexta-Feira 13\" rel=\"nofollow noopener\" target=\"_blank\">Sexta-Feira 13<\/a><\/strong>\u2018 (Friday the 13th) e \u2018<strong>A Hora do Pesadelo<\/strong>\u2018 (A Nightmare on Elm Street).<\/p>\n<p>Assista a entrevista:<\/p>\n<p>O filme mais recente da franquia \u00e9 o remake de mesmo nome, dirigido por Samuel Bayer, que estrela <strong>Rooney Mara<\/strong>.<\/p>\n<p>O filme fracassou entre os cr\u00edticos, conquistando <strong>apenas 14% de aprova\u00e7\u00e3o no Rotten Tomatoes<\/strong>. Apesar disso, o longa foi um sucesso de bilheteria, tendo arrecadado <strong>US$ 117 milh\u00f5es<\/strong> mundialmente.<\/p>\n","protected":false},"excerpt":{"rendered":"Em entrevista ao Dread Central, Robert Englund (\u2018A Hora do Pesadelo\u2019) revelou que adoraria assistir um novo filme&hellip;\n","protected":false},"author":2,"featured_media":139084,"comment_status":"","ping_status":"","sticky":false,"template":"","format":"standard","meta":{"footnotes":""},"categories":[140],"tags":[13068,15570,15571,114,115,147,148,15572,15573,10225,15574,146,15575,4666,364,32,33,15576,10226,15577],"class_list":{"0":"post-139083","1":"post","2":"type-post","3":"status-publish","4":"format-standard","5":"has-post-thumbnail","7":"category-filmes","8":"tag-acao-judicial","9":"tag-blumhouse","10":"tag-brad-fuller","11":"tag-entertainment","12":"tag-entretenimento","13":"tag-film","14":"tag-filmes","15":"tag-franquia-de-terror","16":"tag-jason-blum","17":"tag-jason-voorhees","18":"tag-jovens-bruxas-nova-irmandade","19":"tag-movies","20":"tag-new-line","21":"tag-o-exorcista","22":"tag-paramount","23":"tag-portugal","24":"tag-pt","25":"tag-sean-s-cunningham","26":"tag-sexta-feira-13","27":"tag-victor-miller"},"share_on_mastodon":{"url":"https:\/\/pubeurope.com\/@pt\/115491027514216415","error":""},"_links":{"self":[{"href":"https:\/\/www.europesays.com\/pt\/wp-json\/wp\/v2\/posts\/139083","targetHints":{"allow":["GET"]}}],"collection":[{"href":"https:\/\/www.europesays.com\/pt\/wp-json\/wp\/v2\/posts"}],"about":[{"href":"https:\/\/www.europesays.com\/pt\/wp-json\/wp\/v2\/types\/post"}],"author":[{"embeddable":true,"href":"https:\/\/www.europesays.com\/pt\/wp-json\/wp\/v2\/users\/2"}],"replies":[{"embeddable":true,"href":"https:\/\/www.europesays.com\/pt\/wp-json\/wp\/v2\/comments?post=139083"}],"version-history":[{"count":0,"href":"https:\/\/www.europesays.com\/pt\/wp-json\/wp\/v2\/posts\/139083\/revisions"}],"wp:featuredmedia":[{"embeddable":true,"href":"https:\/\/www.europesays.com\/pt\/wp-json\/wp\/v2\/media\/139084"}],"wp:attachment":[{"href":"https:\/\/www.europesays.com\/pt\/wp-json\/wp\/v2\/media?parent=139083"}],"wp:term":[{"taxonomy":"category","embeddable":true,"href":"https:\/\/www.europesays.com\/pt\/wp-json\/wp\/v2\/categories?post=139083"},{"taxonomy":"post_tag","embeddable":true,"href":"https:\/\/www.europesays.com\/pt\/wp-json\/wp\/v2\/tags?post=139083"}],"curies":[{"name":"wp","href":"https:\/\/api.w.org\/{rel}","templated":true}]}}