{"id":139091,"date":"2025-11-04T10:52:07","date_gmt":"2025-11-04T10:52:07","guid":{"rendered":"https:\/\/www.europesays.com\/pt\/139091\/"},"modified":"2025-11-04T10:52:07","modified_gmt":"2025-11-04T10:52:07","slug":"aeroporto-de-lisboa-agentes-da-psp-em-plenario-por-nao-serem-policia-low-cost","status":"publish","type":"post","link":"https:\/\/www.europesays.com\/pt\/139091\/","title":{"rendered":"Aeroporto de Lisboa. Agentes da PSP em plen\u00e1rio por n\u00e3o serem &#8220;pol\u00edcia low cost&#8221;"},"content":{"rendered":"<p>&#13;<br \/>\nA Associa\u00e7\u00e3o Sindical dos Profissionais da Pol\u00edcia (ASPP) organizou este encontro para <b>denunciar a situa\u00e7\u00e3o que se vive no controlo de passageiros nas fronteiras dos aeroportos<\/b>.<\/p>\n<p>Esta compet\u00eancia foi herdada pela PSP h\u00e1 dois anos e Paulo Santos, da ASPP, garante que <b>os agentes est\u00e3o \u201ccansados\u201d de serem vistos \u201cpelo poder pol\u00edtico e por este Governo como pol\u00edcia low cost\u201d<\/b>.<\/p>\n<p>          <img decoding=\"async\" itemprop=\"image\" class=\"img-fluid\"   src=\"https:\/\/www.europesays.com\/pt\/wp-content\/uploads\/2025\/11\/58f1b766efd5b901587f860d3f7bc5ad_N.jpg\"\/><\/p>\n<p>A ASPP quer ainda debater estrat\u00e9gias para \u201cque o Governo\u201d possa \u201cmitigar\u201d aquilo que se passa nos aeroportos.Este plen\u00e1rio acontece no dia em que h\u00e1 um maior n\u00famero de voos de e para fora do espa\u00e7o Schengen (espa\u00e7o europeu de livre circula\u00e7\u00e3o de pessoas e mercadorias).<br \/>&#13;<\/p>\n<p>Por isso, pode haver mais constrangimentos, uma vez que <b>o novo Sistema de Entrada\/Sa\u00edda (EES) tem causado problemas, principalmente nos aeroportos de Lisboa e Faro<\/b>.&#13;\n<\/p>\n<p>&#13;<br \/>\nAl\u00e9m do plen\u00e1rio, <b>dirigentes da ASPP v\u00e3o tamb\u00e9m distribuir no exterior do aeroporto informa\u00e7\u00e3o aos passageiros sobre a atual situa\u00e7\u00e3o que se vive no controlo de passageiros nas fronteiras aeroportu\u00e1rias<\/b>, uma compet\u00eancia que a PSP herdou h\u00e1 dois anos do Servi\u00e7o de Estrangeiros e Fronteiras (SEF).&#13;\n<\/p>\n<p class=\"fontsmall\">&#13;<br \/>\nc\/ Lusa&#13;<\/p>\n","protected":false},"excerpt":{"rendered":"&#13; A Associa\u00e7\u00e3o Sindical dos Profissionais da Pol\u00edcia (ASPP) organizou este encontro para denunciar a situa\u00e7\u00e3o que se&hellip;\n","protected":false},"author":2,"featured_media":139092,"comment_status":"","ping_status":"","sticky":false,"template":"","format":"standard","meta":{"footnotes":""},"categories":[10],"tags":[322,31008,27,28,15,16,14,25,26,21,22,12,13,19,20,30429,1086,32,23,24,1306,33,17,18,29,30,31,31007],"class_list":{"0":"post-139091","1":"post","2":"type-post","3":"status-publish","4":"format-standard","5":"has-post-thumbnail","7":"category-portugal","8":"tag-aeroporto","9":"tag-aspp","10":"tag-breaking-news","11":"tag-breakingnews","12":"tag-featured-news","13":"tag-featurednews","14":"tag-headlines","15":"tag-latest-news","16":"tag-latestnews","17":"tag-main-news","18":"tag-mainnews","19":"tag-news","20":"tag-noticias","21":"tag-noticias-principais","22":"tag-noticiasprincipais","23":"tag-plenario","24":"tag-policia","25":"tag-portugal","26":"tag-principais-noticias","27":"tag-principaisnoticias","28":"tag-psp","29":"tag-pt","30":"tag-top-stories","31":"tag-topstories","32":"tag-ultimas","33":"tag-ultimas-noticias","34":"tag-ultimasnoticias","35":"tag-unef"},"share_on_mastodon":{"url":"https:\/\/pubeurope.com\/@pt\/115491055058527818","error":""},"_links":{"self":[{"href":"https:\/\/www.europesays.com\/pt\/wp-json\/wp\/v2\/posts\/139091","targetHints":{"allow":["GET"]}}],"collection":[{"href":"https:\/\/www.europesays.com\/pt\/wp-json\/wp\/v2\/posts"}],"about":[{"href":"https:\/\/www.europesays.com\/pt\/wp-json\/wp\/v2\/types\/post"}],"author":[{"embeddable":true,"href":"https:\/\/www.europesays.com\/pt\/wp-json\/wp\/v2\/users\/2"}],"replies":[{"embeddable":true,"href":"https:\/\/www.europesays.com\/pt\/wp-json\/wp\/v2\/comments?post=139091"}],"version-history":[{"count":0,"href":"https:\/\/www.europesays.com\/pt\/wp-json\/wp\/v2\/posts\/139091\/revisions"}],"wp:featuredmedia":[{"embeddable":true,"href":"https:\/\/www.europesays.com\/pt\/wp-json\/wp\/v2\/media\/139092"}],"wp:attachment":[{"href":"https:\/\/www.europesays.com\/pt\/wp-json\/wp\/v2\/media?parent=139091"}],"wp:term":[{"taxonomy":"category","embeddable":true,"href":"https:\/\/www.europesays.com\/pt\/wp-json\/wp\/v2\/categories?post=139091"},{"taxonomy":"post_tag","embeddable":true,"href":"https:\/\/www.europesays.com\/pt\/wp-json\/wp\/v2\/tags?post=139091"}],"curies":[{"name":"wp","href":"https:\/\/api.w.org\/{rel}","templated":true}]}}