{"id":139095,"date":"2025-11-04T10:54:21","date_gmt":"2025-11-04T10:54:21","guid":{"rendered":"https:\/\/www.europesays.com\/pt\/139095\/"},"modified":"2025-11-04T10:54:21","modified_gmt":"2025-11-04T10:54:21","slug":"brilho-estilo-e-emocao-rihanna-e-aap-rocky-roubam-atencoes-nos-oscars-da-moda","status":"publish","type":"post","link":"https:\/\/www.europesays.com\/pt\/139095\/","title":{"rendered":"Brilho, estilo e emo\u00e7\u00e3o: Rihanna e A$AP Rocky roubam aten\u00e7\u00f5es nos Oscars da moda"},"content":{"rendered":"<p data-remotead-prev-elm=\"true\" data-remotead-elm-id=\"inread\">O Museu de Hist\u00f3ria Natural transformou-se, por uma noite, no cora\u00e7\u00e3o do glamour e da criatividade. Sob a ic\u00f3nica baleia azul suspensa no sal\u00e3o principal, decorreu a cerim\u00f3nia que muitos chamam de Oscars da moda, os CFDA Awards 2025, reunindo criadores, artistas, modelos e estrelas internacionais num tributo vibrante ao melhor do design americano.<\/p>\n<p>A anfitri\u00e3, Teyana Taylor, conduziu o evento com humor e carisma, alternando coordenados de Thom Browne e partilhando hist\u00f3rias do quotidiano com descontra\u00e7\u00e3o. &#8220;Talvez tenha de ligar ao meu irm\u00e3o de Harlem, o A$AP Rocky, para me emprestar um fato de tribunal&#8221;, brincou, arrancando gargalhadas da plateia ao falar da sua pr\u00f3xima miss\u00e3o como jurada.<\/p>\n<p>Mas foi Rihanna quem captou todos os olhares e fez o sal\u00e3o suspender por instantes a respira\u00e7\u00e3o. A cantora dos Barbados, deslumbrante num conjunto Ala\u00efa, com trench coat preto e cal\u00e7as brancas plissadas, marcou a sua primeira apari\u00e7\u00e3o p\u00fablica desde o nascimento da terceira filha, Rocki.<\/p>\n<p data-remotead-prev-elm=\"true\" data-remotead-elm-id=\"centro1\"><img decoding=\"async\" class=\"ngx-body\" guid=\"98083b46-16a1-4a4c-b116-fc71188c60f2\" src=\"https:\/\/static.ni.aws.newsgen.io\/jn\/image.jpg?brand=JN&amp;type=generate&amp;guid=98083b46-16a1-4a4c-b116-fc71188c60f2&amp;t=2025110409005151\" width=\"100%\"\/>Foto: Charly Triballeau \/ AFP<\/p>\n<p>Ao seu lado, A$AP Rocky, em Chanel e com a confian\u00e7a habitual, recebeu o Fashion Icon Award, entregue por Anna Wintour. &#8220;Sim, sou um \u00edcone&#8221;, disse o rapper, entre risos. &#8220;Mas nada seria poss\u00edvel sem todos os que est\u00e3o nesta sala.&#8221; Depois, olhou para Rihanna e acrescentou: &#8220;Tu ganhaste este pr\u00e9mio h\u00e1 anos. Lembras-te quando te disse que tamb\u00e9m o queria? Fizemo-lo, baby.&#8221;<\/p>\n<p>Versace homenageada, Ralph Lauren consagrado<\/p>\n<p>A noite prosseguiu entre aplausos, discursos e emo\u00e7\u00e3o. Aos 86 anos, Ralph Lauren voltou a conquistar o pr\u00e9mio de Criador de Moda Feminina do Ano, trinta anos depois da sua primeira vit\u00f3ria. Thom Browne, presidente do CFDA, venceu na categoria de Moda Masculina, consolidando o seu estatuto de mestre da alfaiataria moderna.<\/p>\n<p data-remotead-prev-elm=\"true\" data-remotead-elm-id=\"centro2\"><img decoding=\"async\" class=\"ngx-body\" guid=\"f162afc9-52af-414e-962d-b2f235faa438\" src=\"https:\/\/static.ni.aws.newsgen.io\/jn\/image.jpg?brand=JN&amp;type=generate&amp;guid=f162afc9-52af-414e-962d-b2f235faa438&amp;t=2025110409051313\" width=\"100%\"\/>Thom Browne e Teyana Taylor (Foto: Charly Triballeau \/ AFP)<\/p>\n<p>Um dos momentos mais simb\u00f3licos da cerim\u00f3nia foi a homenagem a Donatella Versace, distinguida com o Positive Change Award. Amber Valletta surgiu com o lend\u00e1rio vestido verde tropical que Jennifer Lopez imortalizou nos Grammys de 2000, pe\u00e7a que, segundo a lenda, inspirou a cria\u00e7\u00e3o do Google Images. <\/p>\n<p><img decoding=\"async\" class=\"ngx-body\" guid=\"dd1d5247-7a7f-4603-b083-6ecac0c31d1c\" src=\"https:\/\/static.ni.aws.newsgen.io\/jn\/image.jpg?brand=JN&amp;type=generate&amp;guid=dd1d5247-7a7f-4603-b083-6ecac0c31d1c&amp;t=2025110409143737\" width=\"100%\"\/>Amber Valletta, Donatella Versace e Ariana DeBose (Foto: Dimitrios Kambouris \/ Getty Images \/ AFP)<\/p>\n<p>Ariana DeBose sublinhou o impacto cultural da criadora italiana: &#8220;Ela cria momentos que ficam para sempre, nas passadeiras vermelhas, nas capas de revistas e na mem\u00f3ria coletiva&#8221;, afirmou. &#8220;A criatividade nasce da diversidade. N\u00e3o tem cor, nem g\u00e9nero, nem orienta\u00e7\u00e3o&#8221;, respondeu Donatella, sendo aplaudida de p\u00e9:<\/p>\n<p data-remotead-prev-elm=\"true\" data-remotead-elm-id=\"centro3\">O Lifetime Achievement Award distinguiu Ralph Rucci, ovacionado por uma plateia que inclu\u00eda Michael Kors. O pr\u00e9mio de Designer Internacional do Ano foi para Pieter Mulier, da Ala\u00efa, apresentado por Naomi Campbell, que homenageou com emo\u00e7\u00e3o o falecido Azzedine Ala\u00efa.<\/p>\n<p><img decoding=\"async\" class=\"ngx-body\" guid=\"0545225d-e2e8-4246-9fb1-84ba64932371\" src=\"https:\/\/static.ni.aws.newsgen.io\/jn\/image.jpg?brand=JN&amp;type=generate&amp;guid=0545225d-e2e8-4246-9fb1-84ba64932371&amp;t=2025110409171414\" width=\"100%\"\/>Pieter Mulier, vencedor do pr\u00e9mio de Designer Internacional do Ano, e Naomi Campbell (Foto: Dimitrios Kambouris \/ Getty Images \/ AFP) <\/p>\n<p>Entre flutes de champanhe, pequenas iguarias e m\u00fasica ao vivo de Olivia Dean, o ambiente foi de celebra\u00e7\u00e3o e leveza. Mais do que uma vitrina de tend\u00eancias, a noite reafirmou a for\u00e7a de uma ind\u00fastria que se reinventa com coragem, diversidade e emo\u00e7\u00e3o. Nova Iorque voltou a vestir-se de gala e mostrou, mais uma vez, que a moda \u00e9 o espelho do seu tempo.<\/p>\n","protected":false},"excerpt":{"rendered":"O Museu de Hist\u00f3ria Natural transformou-se, por uma noite, no cora\u00e7\u00e3o do glamour e da criatividade. Sob a&hellip;\n","protected":false},"author":2,"featured_media":139096,"comment_status":"","ping_status":"","sticky":false,"template":"","format":"standard","meta":{"footnotes":""},"categories":[145],"tags":[15448,211,210,31012,31013,114,115,31011,712,32,33,14610],"class_list":{"0":"post-139095","1":"post","2":"type-post","3":"status-publish","4":"format-standard","5":"has-post-thumbnail","7":"category-celebridades","8":"tag-asap-rocky","9":"tag-celebridades","10":"tag-celebrities","11":"tag-cfda-awards","12":"tag-donatella-versace","13":"tag-entertainment","14":"tag-entretenimento","15":"tag-oscars-da-moda","16":"tag-pessoas","17":"tag-portugal","18":"tag-pt","19":"tag-rihanna"},"share_on_mastodon":{"url":"https:\/\/pubeurope.com\/@pt\/115491062758632606","error":""},"_links":{"self":[{"href":"https:\/\/www.europesays.com\/pt\/wp-json\/wp\/v2\/posts\/139095","targetHints":{"allow":["GET"]}}],"collection":[{"href":"https:\/\/www.europesays.com\/pt\/wp-json\/wp\/v2\/posts"}],"about":[{"href":"https:\/\/www.europesays.com\/pt\/wp-json\/wp\/v2\/types\/post"}],"author":[{"embeddable":true,"href":"https:\/\/www.europesays.com\/pt\/wp-json\/wp\/v2\/users\/2"}],"replies":[{"embeddable":true,"href":"https:\/\/www.europesays.com\/pt\/wp-json\/wp\/v2\/comments?post=139095"}],"version-history":[{"count":0,"href":"https:\/\/www.europesays.com\/pt\/wp-json\/wp\/v2\/posts\/139095\/revisions"}],"wp:featuredmedia":[{"embeddable":true,"href":"https:\/\/www.europesays.com\/pt\/wp-json\/wp\/v2\/media\/139096"}],"wp:attachment":[{"href":"https:\/\/www.europesays.com\/pt\/wp-json\/wp\/v2\/media?parent=139095"}],"wp:term":[{"taxonomy":"category","embeddable":true,"href":"https:\/\/www.europesays.com\/pt\/wp-json\/wp\/v2\/categories?post=139095"},{"taxonomy":"post_tag","embeddable":true,"href":"https:\/\/www.europesays.com\/pt\/wp-json\/wp\/v2\/tags?post=139095"}],"curies":[{"name":"wp","href":"https:\/\/api.w.org\/{rel}","templated":true}]}}