{"id":139099,"date":"2025-11-04T10:59:10","date_gmt":"2025-11-04T10:59:10","guid":{"rendered":"https:\/\/www.europesays.com\/pt\/139099\/"},"modified":"2025-11-04T10:59:10","modified_gmt":"2025-11-04T10:59:10","slug":"homem-aranha-um-novo-dia-tramell-tillman-comenta-rumores-sobre-viver-vilao-no-longa","status":"publish","type":"post","link":"https:\/\/www.europesays.com\/pt\/139099\/","title":{"rendered":"&#8216;Homem-Aranha: Um Novo Dia&#8217;: Tramell Tillman comenta rumores sobre viver vil\u00e3o no longa"},"content":{"rendered":"<p>O ator <strong>Tramell Tillman<\/strong>, conhecido por seu trabalho na aclamada s\u00e9rie <strong>\u2018Ruptura\u2019<\/strong> (Severance), comentou recentemente sobre sua participa\u00e7\u00e3o em<strong> \u2018<a href=\"https:\/\/cinepop.com.br\/tag\/homem-aranha\/\" title=\"Homem-Aranha\" rel=\"nofollow noopener\" target=\"_blank\">Homem-Aranha<\/a>: Um Novo Dia\u2019<\/strong> (Spider-Man: Brand New Day), o pr\u00f3ximo filme do Amigo da Vizinhan\u00e7a no MCU.<\/p>\n<p>Durante uma entrevista \u00e0 <a href=\"https:\/\/variety.com\/2025\/scene\/news\/tramell-tillman-mysterious-spider-man-role-villain-time-100-gala-1236566835\/\" rel=\"nofollow noopener\" target=\"_blank\">Variety<\/a>, <strong>Tillman<\/strong> foi questionado sobre seu papel misterioso no longa, alimentando os rumores de que ele pode viver um dos antagonistas da trama.<\/p>\n<p>\u201cQuem disse que estou interpretando um vil\u00e3o? Quem disse isso? De onde tiraram isso?\u201d, respondeu o ator, sorrindo de forma enigm\u00e1tica. \u201cN\u00e3o posso revelar muito sobre isso. Mas estou me divertindo nas filmagens de Spider-Man\u201d.<\/p>\n<p><a href=\"https:\/\/cinepop.com.br\/homem-aranha-um-novo-dia-charlie-cox-volta-a-falar-sobre-possivel-participacao-do-demolidor-no-novo-filme-699569\/\" rel=\"nofollow noopener\" target=\"_blank\">\u2018Homem-Aranha: Um Novo Dia\u2019: Charlie Cox volta a falar sobre poss\u00edvel participa\u00e7\u00e3o do Demolidor no novo filme<\/a><\/p>\n<p>Embora <strong>Tillman<\/strong> mantenha o mist\u00e9rio, os rumores sugerem que<strong> \u2018<a href=\"https:\/\/cinepop.com.br\/tag\/homem-aranha\/\" title=\"Homem-Aranha\" rel=\"nofollow noopener\" target=\"_blank\">Homem-Aranha<\/a>: Um Novo Dia\u2019<\/strong> pode reunir m\u00faltiplas amea\u00e7as para Peter Parker (<strong><a href=\"https:\/\/cinepop.com.br\/tag\/tom-holland\/\" title=\"Tom Holland\" rel=\"nofollow noopener\" target=\"_blank\">Tom Holland<\/a><\/strong>).<\/p>\n<p>A teoria mais forte entre os f\u00e3s \u00e9 que <strong>Tillman<\/strong> pode interpretar o vil\u00e3o L\u00e1pide (Tombstone), um not\u00f3rio chef\u00e3o do crime de Nova York nos quadrinhos.<\/p>\n<p><strong>A estreia do filme segue programada para o dia 31 de julho de 2026.<\/strong><\/p>\n<p><img fetchpriority=\"high\" decoding=\"async\" src=\"https:\/\/www.europesays.com\/pt\/wp-content\/uploads\/2025\/11\/homemaranhaumnovodia-1024x628.jpg\" alt=\"\" width=\"696\" height=\"427\"  \/><\/p>\n<p>Esse ser\u00e1 o quarto filme solo do <a href=\"https:\/\/cinepop.com.br\/tag\/homem-aranha\/\" title=\"Homem-Aranha\" rel=\"nofollow noopener\" target=\"_blank\">Homem-Aranha<\/a> no Universo Cinematogr\u00e1fico <a href=\"https:\/\/cinepop.com.br\/tag\/marvel\/\" title=\"Marvel\" rel=\"nofollow noopener\" target=\"_blank\">Marvel<\/a> (MCU), resultado da parceria entre Sony e Disney.<\/p>\n<p>O novo longa \u00e9 baseado no arco hom\u00f4nimo dos quadrinhos. Na hist\u00f3ria original, Peter Parker faz um pacto com o dem\u00f4nio Mephisto para que o mundo esque\u00e7a sua identidade como <a href=\"https:\/\/cinepop.com.br\/tag\/homem-aranha\/\" title=\"Homem-Aranha\" rel=\"nofollow noopener\" target=\"_blank\">Homem-Aranha<\/a> e para salvar a vida de Tia May. No entanto, o feiti\u00e7o essencialmente reinicia sua realidade, apagando at\u00e9 mesmo seu casamento com MJ.<\/p>\n<p>A dire\u00e7\u00e3o de <strong>\u2018Um Novo Dia\u2019<\/strong> est\u00e1 a cargo de <strong><a href=\"https:\/\/cinepop.com.br\/tag\/destin-daniel-cretton\/\" title=\"Destin Daniel Cretton\" rel=\"nofollow noopener\" target=\"_blank\">Destin Daniel Cretton<\/a><\/strong>, conhecido por seu trabalho em <strong>\u2018Shang-Chi e a Lenda dos Dez An\u00e9is\u2019<\/strong>. O filme tamb\u00e9m promete participa\u00e7\u00f5es especiais de <strong><a href=\"https:\/\/cinepop.com.br\/tag\/jon-bernthal\/\" title=\"Jon Bernthal\" rel=\"nofollow noopener\" target=\"_blank\">Jon Bernthal<\/a><\/strong> como o Justiceiro e <strong><a href=\"https:\/\/cinepop.com.br\/tag\/mark-ruffalo\/\" title=\"Mark Ruffalo\" rel=\"nofollow noopener\" target=\"_blank\">Mark Ruffalo<\/a><\/strong> como Bruce Banner, o Hulk.<\/p>\n<p><img loading=\"lazy\" decoding=\"async\" src=\"https:\/\/www.europesays.com\/pt\/wp-content\/uploads\/2025\/11\/homem-aranha-4-1.jpg\" alt=\"\" width=\"1000\" height=\"667\"  \/><\/p>\n","protected":false},"excerpt":{"rendered":"O ator Tramell Tillman, conhecido por seu trabalho na aclamada s\u00e9rie \u2018Ruptura\u2019 (Severance), comentou recentemente sobre sua participa\u00e7\u00e3o&hellip;\n","protected":false},"author":2,"featured_media":139100,"comment_status":"","ping_status":"","sticky":false,"template":"","format":"standard","meta":{"footnotes":""},"categories":[140],"tags":[14099,114,115,147,148,5814,10305,14100,14101,14102,14103,792,14104,146,32,33,10306,12897,6705,14105],"class_list":{"0":"post-139099","1":"post","2":"type-post","3":"status-publish","4":"format-standard","5":"has-post-thumbnail","7":"category-filmes","8":"tag-destin-daniel-cretton","9":"tag-entertainment","10":"tag-entretenimento","11":"tag-film","12":"tag-filmes","13":"tag-homem-aranha","14":"tag-homem-aranha-um-novo-dia","15":"tag-jacob-batalon","16":"tag-jon-bernthal","17":"tag-liza-colon-zayas","18":"tag-mark-ruffalo","19":"tag-marvel","20":"tag-michael-mando","21":"tag-movies","22":"tag-portugal","23":"tag-pt","24":"tag-sadie-sink","25":"tag-sony-pictures","26":"tag-tom-holland","27":"tag-zendaya"},"share_on_mastodon":{"url":"https:\/\/pubeurope.com\/@pt\/115491082597705796","error":""},"_links":{"self":[{"href":"https:\/\/www.europesays.com\/pt\/wp-json\/wp\/v2\/posts\/139099","targetHints":{"allow":["GET"]}}],"collection":[{"href":"https:\/\/www.europesays.com\/pt\/wp-json\/wp\/v2\/posts"}],"about":[{"href":"https:\/\/www.europesays.com\/pt\/wp-json\/wp\/v2\/types\/post"}],"author":[{"embeddable":true,"href":"https:\/\/www.europesays.com\/pt\/wp-json\/wp\/v2\/users\/2"}],"replies":[{"embeddable":true,"href":"https:\/\/www.europesays.com\/pt\/wp-json\/wp\/v2\/comments?post=139099"}],"version-history":[{"count":0,"href":"https:\/\/www.europesays.com\/pt\/wp-json\/wp\/v2\/posts\/139099\/revisions"}],"wp:featuredmedia":[{"embeddable":true,"href":"https:\/\/www.europesays.com\/pt\/wp-json\/wp\/v2\/media\/139100"}],"wp:attachment":[{"href":"https:\/\/www.europesays.com\/pt\/wp-json\/wp\/v2\/media?parent=139099"}],"wp:term":[{"taxonomy":"category","embeddable":true,"href":"https:\/\/www.europesays.com\/pt\/wp-json\/wp\/v2\/categories?post=139099"},{"taxonomy":"post_tag","embeddable":true,"href":"https:\/\/www.europesays.com\/pt\/wp-json\/wp\/v2\/tags?post=139099"}],"curies":[{"name":"wp","href":"https:\/\/api.w.org\/{rel}","templated":true}]}}