{"id":13910,"date":"2025-08-03T08:01:14","date_gmt":"2025-08-03T08:01:14","guid":{"rendered":"https:\/\/www.europesays.com\/pt\/13910\/"},"modified":"2025-08-03T08:01:14","modified_gmt":"2025-08-03T08:01:14","slug":"cesar-tralli-vibra-com-conquista-da-filha-pensa-num-pai-feliz","status":"publish","type":"post","link":"https:\/\/www.europesays.com\/pt\/13910\/","title":{"rendered":"C\u00e9sar Tralli vibra com conquista da filha: &#8216;Pensa num pai feliz!&#8217;"},"content":{"rendered":"<p>O jornalista C\u00e9sar Tralli encantou ao compartilhar um v\u00eddeo de sua filha, Manuella, andando de bicicleta sem as rodinhas; confira!<\/p>\n<p><a href=\"https:\/\/caras.com.br\/tags\/cesar-tralli\" rel=\"noopener nofollow\" target=\"_blank\"><strong>C\u00e9sar Tralli<\/strong><\/a> usou as redes sociais na tarde deste s\u00e1bado, 2, para dividir uma conquista especial de sua filha, <strong>Manuella<\/strong>, que est\u00e1 com seis anos.\u00a0O apresentador do\u00a0Jornal Hoje, da TV Globo, mostrou que a herdeira, fruto de seu casamento com a apresentadora\u00a0<a href=\"https:\/\/caras.com.br\/tags\/ticiane-pinheiro_1\" rel=\"noopener nofollow\" target=\"_blank\"><strong>Ticiane Pinheiro<\/strong><\/a>, aprendeu a andar de bicicleta sem as rodinhas de apoio.\u00a0<\/p>\n<p>No v\u00eddeo postado no feed do Instagram, Tralli aparece com Manuella em um parque. A menina vai pedalando enquanto o papai coruja vibra com o fato dela ter aprendido a andar de bicicleta, mas em determinado momento ele precisou correr para alcan\u00e7\u00e1-la. &#8220;A felicidade do pai. A felicidade do pai de ver essa menininha pedalando sem rodinha, ah, filha. Boa, filha. Vamos correr para acompanhar. Corre para acompanhar. Corre para acompanhar. N\u00e3o corre muito n\u00e3o. Espera eu a\u00ed. Freia. Vai devagar&#8221;, diz ele na grava\u00e7\u00e3o.\u00a0<\/p>\n<p>&#8220;Pensa num pai feliz! Voc\u00ea se lembra quando aprendeu a andar de bicicleta? Sem rodinhas? Olha que momento m\u00e1gico! E assim minha vida vai ganhando muito mais prop\u00f3sito e sentido\u2026 Haja f\u00f4lego, papai!&#8221;, escreveu o jornalista na legenda da publica\u00e7\u00e3o.\u00a0<\/p>\n<p>Manuella completou seis anos no dia 12 de julho. Na ocasi\u00e3o, C\u00e9sar Tralli postou um v\u00eddeo abra\u00e7ado com a aniversariante e a parabenizou. &#8220;Eu te amo, eu te amo, parab\u00e9ns! Parab\u00e9ns, Manuella! Viva essa menininha linda que eu amo. Te amo, minha filha! Feliz anivers\u00e1rio, meu amor&#8221;, disse ele, enchendo a filha de beijos.<\/p>\n<p>Na legenda da postagem, o comunicador se mostrou grato por poder viver a paternidade: &#8220;Hoje \u00e9 dia de festa! De muito amor envolvido. De aprendizados e pura gratid\u00e3o. Agrade\u00e7o infinitamente ao Papai do C\u00e9u por ter me dado o dom da paternidade. Eu amo ser pai. E n\u00e3o tem nada mais delicioso do que olhar pra minha filha e dizer nos olhos dela: eu te amo&#8221;, escreveu ele.<\/p>\n<p><strong>Confira:\u00a0<\/strong><\/p>\n<p>Relacionamento de C\u00e9sar Tralli e Ticiane Pinheiro<\/p>\n<ul>\n<li>Fevereiro de 2014: C\u00e9sar Tralli e Ticiane Pinheiro come\u00e7am a namorar ap\u00f3s se conhecerem em um sal\u00e3o de beleza.<\/li>\n<li>2015 (Primeiro t\u00e9rmino e reconcilia\u00e7\u00e3o): O casal passa por um t\u00e9rmino tempor\u00e1rio, pois Ticiane queria casamento e filhos, enquanto Tralli n\u00e3o compartilhava dos mesmos planos. 7 meses depois, Tralli procurou Ticiane e a reconquistou, expressando seu desejo de formar uma fam\u00edlia com ela.<\/li>\n<li>2017 (Noivado e casamento): C\u00e9sar Tralli e Ticiane Pinheiro se casam em uma cerim\u00f4nia \u00edntima em Campos do Jord\u00e3o, com padrinhos como Ana Hickmann e Ricardo Almeida.<\/li>\n<li>Julho de 2019: O casal celebra a chegada da filha, Manuella, completando ainda mais sua felicidade.<\/li>\n<li>Fevereiro de 2024: Ticiane e Tralli comemoram 10 anos de uni\u00e3o, reafirmando seu amor e cumplicidade.<\/li>\n<li>Personalidades complementares: Ticiane \u00e9 mais descontra\u00edda, enquanto C\u00e9sar \u00e9 mais organizado, mas ambos equilibram suas diferen\u00e7as e vivem uma rela\u00e7\u00e3o harm\u00f4nica. O casal divide sua agenda profissional com a vida familiar e demonstra como o amor e a dedica\u00e7\u00e3o ao outro podem superar obst\u00e1culos.<\/li>\n<\/ul>\n<p>C\u00e9sar Tralli celebra anivers\u00e1rio de Rafaella Justus e revela apelido carinhoso<\/p>\n<p>O apresentador <a href=\"https:\/\/caras.com.br\/datas-especiais\/cesar-tralli-celebra-aniversario-de-rafaella-justus-e-revela-apelido-carinhoso-da-enteada.phtml\" rel=\"noopener nofollow\" target=\"_blank\">C\u00e9sar Tralli n\u00e3o deixou de comemorar o anivers\u00e1rio de Rafaella Justus<\/a>. O jornalista fez uma homenagem para a enteada, que completou 16 anos e que lhe despertou a vontade de ser pai.<\/p>\n<p>Para quem n\u00e3o sabe, o comunicador n\u00e3o queria ter herdeiros at\u00e9 conhecer a filha de Ticiane Pinheiro e Roberto Justus.\u00a0Ao conviver com a pequena durante algum tempo, o global acabou percebendo que gostaria de ser pai e foi ent\u00e3o que reatou o relacionamento com a amada, subindo ao altar e tendo Manuella Pinheiro Tralli.<\/p>\n<p>Relembrando uma foto da grande festa de 15 anos da jovem, C\u00e9sar Tralli fez a declara\u00e7\u00e3o e usou o apelido carinhoso &#8220;bis&#8221;, de biscoito, palavra que usam para apelidar a fam\u00edlia deles. &#8220;Te amo, bis! Saudade. Aproveite muito esta semana t\u00e3o especial do seu niver&#8221;, desejou.<\/p>\n<p><strong>Leia tamb\u00e9m:<\/strong><a href=\"https:\/\/caras.com.br\/atualidades\/ticiane-pinheiro-divide-momento-especial-com-o-sogro-pai-de-cesar-tralli.phtml\" rel=\"noopener nofollow\" target=\"_blank\">Ticiane Pinheiro divide momento especial com o sogro, pai de C\u00e9sar Tralli<\/a><\/p>\n","protected":false},"excerpt":{"rendered":"O jornalista C\u00e9sar Tralli encantou ao compartilhar um v\u00eddeo de sua filha, Manuella, andando de bicicleta sem as&hellip;\n","protected":false},"author":2,"featured_media":13911,"comment_status":"","ping_status":"","sticky":false,"template":"","format":"standard","meta":{"footnotes":""},"categories":[145],"tags":[5644,211,210,4557,114,115,1127,5672,32,33],"class_list":{"0":"post-13910","1":"post","2":"type-post","3":"status-publish","4":"format-standard","5":"has-post-thumbnail","7":"category-celebridades","8":"tag-bicicleta","9":"tag-celebridades","10":"tag-celebrities","11":"tag-cesar-tralli","12":"tag-entertainment","13":"tag-entretenimento","14":"tag-filha","15":"tag-manuella","16":"tag-portugal","17":"tag-pt"},"share_on_mastodon":{"url":"","error":""},"_links":{"self":[{"href":"https:\/\/www.europesays.com\/pt\/wp-json\/wp\/v2\/posts\/13910","targetHints":{"allow":["GET"]}}],"collection":[{"href":"https:\/\/www.europesays.com\/pt\/wp-json\/wp\/v2\/posts"}],"about":[{"href":"https:\/\/www.europesays.com\/pt\/wp-json\/wp\/v2\/types\/post"}],"author":[{"embeddable":true,"href":"https:\/\/www.europesays.com\/pt\/wp-json\/wp\/v2\/users\/2"}],"replies":[{"embeddable":true,"href":"https:\/\/www.europesays.com\/pt\/wp-json\/wp\/v2\/comments?post=13910"}],"version-history":[{"count":0,"href":"https:\/\/www.europesays.com\/pt\/wp-json\/wp\/v2\/posts\/13910\/revisions"}],"wp:featuredmedia":[{"embeddable":true,"href":"https:\/\/www.europesays.com\/pt\/wp-json\/wp\/v2\/media\/13911"}],"wp:attachment":[{"href":"https:\/\/www.europesays.com\/pt\/wp-json\/wp\/v2\/media?parent=13910"}],"wp:term":[{"taxonomy":"category","embeddable":true,"href":"https:\/\/www.europesays.com\/pt\/wp-json\/wp\/v2\/categories?post=13910"},{"taxonomy":"post_tag","embeddable":true,"href":"https:\/\/www.europesays.com\/pt\/wp-json\/wp\/v2\/tags?post=13910"}],"curies":[{"name":"wp","href":"https:\/\/api.w.org\/{rel}","templated":true}]}}