{"id":139111,"date":"2025-11-04T11:06:09","date_gmt":"2025-11-04T11:06:09","guid":{"rendered":"https:\/\/www.europesays.com\/pt\/139111\/"},"modified":"2025-11-04T11:06:09","modified_gmt":"2025-11-04T11:06:09","slug":"portugal-continental-sob-aviso-laranja-amanha-devido-a-chuva-meteorologia","status":"publish","type":"post","link":"https:\/\/www.europesays.com\/pt\/139111\/","title":{"rendered":"Portugal continental sob aviso laranja amanh\u00e3 devido \u00e0 chuva | Meteorologia"},"content":{"rendered":"<p>Todos os distritos de Portugal continental, excepto Bragan\u00e7a, v\u00e3o est\u00e3o sob aviso laranja na quarta-feira devido \u00e0 previs\u00e3o de chuva, por vezes forte, segundo o Instituto Portugu\u00eas do Mar e da Atmosfera (IPMA).<\/p>\n<p>Os 17 distritos de Portugal continental estar\u00e3o com aviso amarelo entre as 00h e as 3h passando depois para laranja entre as 3h e as 9h. Posteriormente voltam a amarelo at\u00e9 \u00e0s 15h.<\/p>\n<p>Estes 17 distritos v\u00e3o estar igualmente sob aviso amarelo devido \u00e0 previs\u00e3o de condi\u00e7\u00f5es favor\u00e1veis \u00e0 ocorr\u00eancia de trovoadas e <a href=\"https:\/\/www.publico.pt\/2025\/10\/28\/azul\/noticia\/chuva-volta-setubal-evora-beja-faro-aviso-laranja-2152379\" rel=\"nofollow noopener\" target=\"_blank\">fen\u00f3menos extremos de vento<\/a> entre as 3h e as 9h de quarta-feira.<\/p>\n<p>O distrito de Bragan\u00e7a vai estar com aviso amarelo por causa da chuva por vezes forte entre as 6h e as 15h de quarta-feira<\/p>\n<p>O IPMA emitiu tamb\u00e9m aviso amarelo para os distritos de Bragan\u00e7a, Viseu, Porto, Guarda, Vila Real, Viana do Castelo, Lisboa, Leiria, Castelo Branco, Aveiro, Coimbra e Braga devido \u00e0 previs\u00e3o de vento forte do quadrante sul, com rajadas da ordem de 80 quil\u00f3metros por hora (km\/h) no litoral, e da ordem de 100 km\/h nas terras altas.<\/p>\n<p>O aviso amarelo de vento forte vai estar em vigor entre as 21h desta ter\u00e7a-feira e as 9h de quarta-feira.<\/p>\n<p>O aviso laranja \u00e9 emitido pelo IPMA sempre que existe &#8220;<a href=\"https:\/\/www.publico.pt\/2025\/09\/01\/azul\/noticia\/alice-pedro-samuel-podem-nomes-tempestades-neste-outono-2145658\" rel=\"nofollow noopener\" target=\"_blank\">situa\u00e7\u00e3o meteorol\u00f3gica de risco moderado a elevado<\/a>, e o amarelo, quando h\u00e1 uma situa\u00e7\u00e3o de risco para determinadas actividades dependentes da situa\u00e7\u00e3o meteorol\u00f3gica.<\/p>\n<p>Oito distritos em alerta devido \u00e0 agita\u00e7\u00e3o mar\u00edtima<\/p>\n<p>O IPMA emitiu aviso laranja para quinta-feira para os distritos do norte e centro de Portugal devido \u00e0 agita\u00e7\u00e3o mar\u00edtima. Para quarta-feira, o IPMA tinha j\u00e1 previsto avisos laranja para todo o Portugal continental, com excep\u00e7\u00e3o do distrito de Bragan\u00e7a, devido \u00e0 chuva forte.<\/p>\n<p>        &#13;<\/p>\n<p>&#13;<br \/>\n                &#13;\n            <\/p>\n<p>&#13;<\/p>\n<p>Os avisos para agita\u00e7\u00e3o mar\u00edtima forte visam os distritos do Porto, Set\u00fabal, Viana do Castelo, Lisboa, Leiria, Aveiro, Coimbra e Braga e v\u00e3o vigorar entre as 00h e as 9h de quinta-feira, quando se prev\u00eaem ondas de oeste\/noroeste com 5 a 6 metros de altura significativa, podendo atingir altura m\u00e1xima de 9 metros.<\/p>\n<p>Num comunicado anterior, o IPMA j\u00e1 tinha colocado os distritos do Porto, Faro, Set\u00fabal, Viana do Castelo, Lisboa, Leiria, Beja, Aveiro, Coimbra e Braga sob aviso amarelo a partir das 21h por causa da agita\u00e7\u00e3o mar\u00edtima, prevendo-se ondas de oeste\/sudoeste com 4 a 5 metros.<\/p>\n","protected":false},"excerpt":{"rendered":"Todos os distritos de Portugal continental, excepto Bragan\u00e7a, v\u00e3o est\u00e3o sob aviso laranja na quarta-feira devido \u00e0 previs\u00e3o&hellip;\n","protected":false},"author":2,"featured_media":139112,"comment_status":"","ping_status":"","sticky":false,"template":"","format":"standard","meta":{"footnotes":""},"categories":[10],"tags":[785,27,28,15,16,14,350,25,26,21,22,8532,606,12,13,19,20,32,23,24,33,17,18,29,30,31],"class_list":{"0":"post-139111","1":"post","2":"type-post","3":"status-publish","4":"format-standard","5":"has-post-thumbnail","7":"category-portugal","8":"tag-azul","9":"tag-breaking-news","10":"tag-breakingnews","11":"tag-featured-news","12":"tag-featurednews","13":"tag-headlines","14":"tag-ipma","15":"tag-latest-news","16":"tag-latestnews","17":"tag-main-news","18":"tag-mainnews","19":"tag-mau-tempo","20":"tag-meteorologia","21":"tag-news","22":"tag-noticias","23":"tag-noticias-principais","24":"tag-noticiasprincipais","25":"tag-portugal","26":"tag-principais-noticias","27":"tag-principaisnoticias","28":"tag-pt","29":"tag-top-stories","30":"tag-topstories","31":"tag-ultimas","32":"tag-ultimas-noticias","33":"tag-ultimasnoticias"},"share_on_mastodon":{"url":"https:\/\/pubeurope.com\/@pt\/115491109925102663","error":""},"_links":{"self":[{"href":"https:\/\/www.europesays.com\/pt\/wp-json\/wp\/v2\/posts\/139111","targetHints":{"allow":["GET"]}}],"collection":[{"href":"https:\/\/www.europesays.com\/pt\/wp-json\/wp\/v2\/posts"}],"about":[{"href":"https:\/\/www.europesays.com\/pt\/wp-json\/wp\/v2\/types\/post"}],"author":[{"embeddable":true,"href":"https:\/\/www.europesays.com\/pt\/wp-json\/wp\/v2\/users\/2"}],"replies":[{"embeddable":true,"href":"https:\/\/www.europesays.com\/pt\/wp-json\/wp\/v2\/comments?post=139111"}],"version-history":[{"count":0,"href":"https:\/\/www.europesays.com\/pt\/wp-json\/wp\/v2\/posts\/139111\/revisions"}],"wp:featuredmedia":[{"embeddable":true,"href":"https:\/\/www.europesays.com\/pt\/wp-json\/wp\/v2\/media\/139112"}],"wp:attachment":[{"href":"https:\/\/www.europesays.com\/pt\/wp-json\/wp\/v2\/media?parent=139111"}],"wp:term":[{"taxonomy":"category","embeddable":true,"href":"https:\/\/www.europesays.com\/pt\/wp-json\/wp\/v2\/categories?post=139111"},{"taxonomy":"post_tag","embeddable":true,"href":"https:\/\/www.europesays.com\/pt\/wp-json\/wp\/v2\/tags?post=139111"}],"curies":[{"name":"wp","href":"https:\/\/api.w.org\/{rel}","templated":true}]}}