{"id":139113,"date":"2025-11-04T11:07:08","date_gmt":"2025-11-04T11:07:08","guid":{"rendered":"https:\/\/www.europesays.com\/pt\/139113\/"},"modified":"2025-11-04T11:07:08","modified_gmt":"2025-11-04T11:07:08","slug":"pedro-delille-renuncia-ao-mandato-de-advogado-de-socrates-observador","status":"publish","type":"post","link":"https:\/\/www.europesays.com\/pt\/139113\/","title":{"rendered":"Pedro Delille renuncia ao mandato de advogado de S\u00f3crates \u2013 Observador"},"content":{"rendered":"<p>Em atualiza\u00e7\u00e3o<\/p>\n<p>O advogado Pedro Delille renunciou esta ter\u00e7a-feira ao mandato de advogado do ex-primeiro-ministro Jos\u00e9 S\u00f3crates no processo Opera\u00e7\u00e3o Marqu\u00eas, adiantou fonte do tribunal aos jornalistas.<\/p>\n<p>O agora ex-mandat\u00e1rio do antigo governante fez chegar um requerimento ao tribunal a dar conta dessa informa\u00e7\u00e3o, tendo j\u00e1 sido chamado um advogado oficioso para comparecer na sala de audi\u00eancia.<\/p>\n<p>\u201cRenuncio ao mandato que me foi conferido pelo senhor Eng. Jos\u00e9 S\u00f3crates para o representar no processo (\u2026), <strong>o que fa\u00e7o por raz\u00f5es deontol\u00f3gicas<\/strong>: fiquei definitiva e absolutamente convencido, ap\u00f3s o epis\u00f3dio da passada quinta-feira, que soma a tudo o resto oportunamente denunciado, de que continuar neste julgamento <strong>violenta em termos insuport\u00e1veis a minha consci\u00eancia como advogado e a \u00e9tica que me imponho<\/strong>, a minha independ\u00eancia, integridade e dignidade profissional e pessoal\u201d, l\u00ea-se no documento a que o Observador teve acesso.<\/p>\n<p>Pedro Delille reiterou ainda na sua despedida do processo as cr\u00edticas \u00e0 forma como tem decorrido o julgamento do processo Opera\u00e7\u00e3o Marqu\u00eas no Ju\u00edzo Central Criminal de Lisboa. \u201cRepudio e recuso participar e validar, um minuto mais que seja, neste simulacro de julgamento, neste \u2018julgamento a brincar&#8217;\u201d, frisou, declarando que a ren\u00fancia tem efeitos imediatos. O advogado j\u00e1 nem compareceu sequer esta manh\u00e3 no tribunal.<\/p>\n<p>Perante esta situa\u00e7\u00e3o, o tribunal determinou a chamada de um defensor oficioso que se encontrava de escala nas instala\u00e7\u00f5es do Campus da Justi\u00e7a. O advogado Jos\u00e9 Ramos assumiu provisoriamente a defesa de Jos\u00e9 S\u00f3crates e na sua primeira declara\u00e7\u00e3o na audi\u00eancia veio pedir um prazo de 48 horas para consultar o processo.<\/p>\n<p>Contudo, a ju\u00edza presidente Susana Seca considerou que esse prazo condicionaria em demasia o andamento dos trabalhos e recusou travar o julgamento, justificando que a Opera\u00e7\u00e3o Marqu\u00eas \u00e9 um processo urgente e que o prazo seria \u201cmanifestamente insuficiente\u201d para conhecer os autos.<\/p>\n<p>A presidente do coletivo decidiu ainda que seja enviada uma nova comunica\u00e7\u00e3o \u00e0 Ordem dos Advogados em rela\u00e7\u00e3o a Pedro Delille, tal como j\u00e1 tinha feito na semana passada pela n\u00e3o compar\u00eancia do advogado \u00e0 hora agendada para a sess\u00e3o por ter entendido que come\u00e7aria mais tarde por n\u00e3o se realizar o depoimento de Maria Adelaide Monteiro, a m\u00e3e de Jos\u00e9 S\u00f3crates que estava previsto depor como testemunha na passada quinta-feira.<\/p>\n<p>Desta feita, Susana Seca defendeu que o seu comportamento \u201c\u00e9 suscet\u00edvel de ofender os princ\u00edpios de urbanidade\u201d contemplados no estatuto profissional dos advogados. A magistrada determinou tamb\u00e9m que Jos\u00e9 S\u00f3crates seja informado da ren\u00fancia do mandat\u00e1rio.<\/p>\n<p>Nesse sentido, deu in\u00edcio \u00e0 33.\u00aa sess\u00e3o do julgamento e mandou chamar a primeira testemunha: Maria Jo\u00e3o Santos, antiga secret\u00e1ria de Jos\u00e9 S\u00f3crates.<\/p>\n","protected":false},"excerpt":{"rendered":"Em atualiza\u00e7\u00e3o O advogado Pedro Delille renunciou esta ter\u00e7a-feira ao mandato de advogado do ex-primeiro-ministro Jos\u00e9 S\u00f3crates no&hellip;\n","protected":false},"author":2,"featured_media":139114,"comment_status":"","ping_status":"","sticky":false,"template":"","format":"standard","meta":{"footnotes":""},"categories":[8],"tags":[27,28,15,16,14,300,25,26,21,22,12,13,19,20,24429,32,23,24,33,17,18,29,30,31],"class_list":{"0":"post-139113","1":"post","2":"type-post","3":"status-publish","4":"format-standard","5":"has-post-thumbnail","7":"category-principais-noticias","8":"tag-breaking-news","9":"tag-breakingnews","10":"tag-featured-news","11":"tag-featurednews","12":"tag-headlines","13":"tag-justiu00e7a","14":"tag-latest-news","15":"tag-latestnews","16":"tag-main-news","17":"tag-mainnews","18":"tag-news","19":"tag-noticias","20":"tag-noticias-principais","21":"tag-noticiasprincipais","22":"tag-operau00e7u00e3o-marquu00eas","23":"tag-portugal","24":"tag-principais-noticias","25":"tag-principaisnoticias","26":"tag-pt","27":"tag-top-stories","28":"tag-topstories","29":"tag-ultimas","30":"tag-ultimas-noticias","31":"tag-ultimasnoticias"},"share_on_mastodon":{"url":"https:\/\/pubeurope.com\/@pt\/115491113783260802","error":""},"_links":{"self":[{"href":"https:\/\/www.europesays.com\/pt\/wp-json\/wp\/v2\/posts\/139113","targetHints":{"allow":["GET"]}}],"collection":[{"href":"https:\/\/www.europesays.com\/pt\/wp-json\/wp\/v2\/posts"}],"about":[{"href":"https:\/\/www.europesays.com\/pt\/wp-json\/wp\/v2\/types\/post"}],"author":[{"embeddable":true,"href":"https:\/\/www.europesays.com\/pt\/wp-json\/wp\/v2\/users\/2"}],"replies":[{"embeddable":true,"href":"https:\/\/www.europesays.com\/pt\/wp-json\/wp\/v2\/comments?post=139113"}],"version-history":[{"count":0,"href":"https:\/\/www.europesays.com\/pt\/wp-json\/wp\/v2\/posts\/139113\/revisions"}],"wp:featuredmedia":[{"embeddable":true,"href":"https:\/\/www.europesays.com\/pt\/wp-json\/wp\/v2\/media\/139114"}],"wp:attachment":[{"href":"https:\/\/www.europesays.com\/pt\/wp-json\/wp\/v2\/media?parent=139113"}],"wp:term":[{"taxonomy":"category","embeddable":true,"href":"https:\/\/www.europesays.com\/pt\/wp-json\/wp\/v2\/categories?post=139113"},{"taxonomy":"post_tag","embeddable":true,"href":"https:\/\/www.europesays.com\/pt\/wp-json\/wp\/v2\/tags?post=139113"}],"curies":[{"name":"wp","href":"https:\/\/api.w.org\/{rel}","templated":true}]}}