{"id":139117,"date":"2025-11-04T11:11:08","date_gmt":"2025-11-04T11:11:08","guid":{"rendered":"https:\/\/www.europesays.com\/pt\/139117\/"},"modified":"2025-11-04T11:11:08","modified_gmt":"2025-11-04T11:11:08","slug":"familia-de-marisa-e-pedro-quebra-o-silencio-o-amor-mesmo-ferido-continua-a-ser-amor-secret-story","status":"publish","type":"post","link":"https:\/\/www.europesays.com\/pt\/139117\/","title":{"rendered":"Fam\u00edlia de Marisa e Pedro quebra o sil\u00eancio: \u00abO amor, mesmo ferido, continua a ser amor\u00bb &#8211; Secret Story"},"content":{"rendered":"<p data-end=\"141\" data-start=\"95\">Ap\u00f3s <a href=\"https:\/\/tvi.iol.pt\/secretstory\/marisa\/pedro-jorge\/entraram-casados-no-secret-story-e-era-o-seu-segredo-acabaram-hoje-uma-relacao-de-varios-anos-perante-todo-o-pais\" rel=\"nofollow noopener\" target=\"_blank\">os \u00faltimos acontecimentos do Secret Story 9, que envolveram Marisa e Pedro<\/a>, a fam\u00edlia do casal quebrou o sil\u00eancio atrav\u00e9s de um comunicado, partilhado nas redes sociais: \u00abHoje foi um dia particularmente dif\u00edcil\u00bb, come\u00e7aram por referir no longo texto.\u00a0<\/p>\n<p data-end=\"321\" data-start=\"143\">\u00abA nossa <a href=\"https:\/\/tvi.iol.pt\/secretstory\/videos\/concorrentes-veem-a-forte-discussao-entre-pedro-e-marisa-e-muito-mais-na-tarde-mais-tensa-de-sempre\/690922e80cf2559133760152\" rel=\"nofollow noopener\" target=\"_blank\">Marisa e o nosso Pedro tiveram um momento menos feliz<\/a>, marcado por palavras ditas a quente e por situa\u00e7\u00f5es que, fora daquele contexto, talvez nunca tivessem acontecido\u00bb, l\u00ea-se na mesma nota.\u00a0<\/p>\n<p data-end=\"321\" data-start=\"143\">No comunicado, apontam ainda: \u00abSabemos que dentro de um jogo como este as emo\u00e7\u00f5es est\u00e3o sempre no limite, e que a press\u00e3o, a exposi\u00e7\u00e3o e as din\u00e2micas criadas l\u00e1 dentro acabam por levar qualquer pessoa ao extremo\u00bb.\u00a0<\/p>\n<blockquote class=\"instagram-media\" data-instgrm-captioned=\"\" data-instgrm-permalink=\"https:\/\/www.instagram.com\/p\/DQnOzb7iIDV\/?utm_source=ig_embed&amp;utm_campaign=loading\" data-instgrm-version=\"14\" style=\" background:#FFF; border:0; border-radius:3px; box-shadow:0 0 1px 0 rgba(0,0,0,0.5),0 1px 10px 0 rgba(0,0,0,0.15); margin: 1px; max-width:540px; min-width:326px; padding:0; width:99.375%; width:-webkit-calc(100% - 2px); width:calc(100% - 2px);\">\n<\/blockquote>\n<p data-end=\"321\" data-start=\"143\">\u00a0<\/p>\n<p data-end=\"321\" data-start=\"143\">\u00ab\u00c9 f\u00e1cil julgar de fora, tamb\u00e9m o sabemos, mas ningu\u00e9m, nem mesmo n\u00f3s, estamos dentro da cabe\u00e7a de nenhum deles para conseguirmos explicar o motivo das suas a\u00e7\u00f5es\u00bb, sublinham.<\/p>\n<p data-end=\"321\" data-start=\"143\">A fam\u00edlia dos dois concorrentes \u00abdeixa claro que <a href=\"https:\/\/tvi.iol.pt\/secretstory\/fotos\/a-bonita-familia-de-marisa-e-pedro-todas-as-imagens-da-historia-de-amor-antes-do-secret-story\/690207bbd34e58bc67976fe4\" rel=\"nofollow noopener\" target=\"_blank\">o Pedro e a Marisa constru\u00edram, c\u00e1 fora, uma fam\u00edlia bonita<\/a>, com amor verdadeiro, respeito e cumplicidade. Isso n\u00e3o desaparece por causa de um momento de fraqueza\u00bb.\u00a0<\/p>\n<p data-end=\"1263\" data-start=\"881\">\u00ab<a href=\"https:\/\/tvi.iol.pt\/secretstory\/videos\/marisa-nao-poupa-pedro-jorge-custou-me-mais-ouvir-aquilo-do-que-levar-uma-chapada\/6909c9d20cf255913376019f\" rel=\"nofollow noopener\" target=\"_blank\">As mais recentes palavras feitas pela Marisa, ditas num momento de dor<\/a> e confus\u00e3o, em nada refletem o Pedro nem o homem, o pai e o companheiro que ele \u00e9\u00bb, referem em defesa de Pedro e das \u00faltimas acusa\u00e7\u00f5es que foram feitas a seu respeito.\u00a0<\/p>\n<blockquote class=\"instagram-media\" data-instgrm-captioned=\"\" data-instgrm-permalink=\"https:\/\/www.instagram.com\/p\/DQlB_eDiPKo\/?utm_source=ig_embed&amp;utm_campaign=loading\" data-instgrm-version=\"14\" style=\" background:#FFF; border:0; border-radius:3px; box-shadow:0 0 1px 0 rgba(0,0,0,0.5),0 1px 10px 0 rgba(0,0,0,0.15); margin: 1px; max-width:540px; min-width:326px; padding:0; width:99.375%; width:-webkit-calc(100% - 2px); width:calc(100% - 2px);\">\n<\/blockquote>\n<p data-end=\"1263\" data-start=\"881\">\u00a0<\/p>\n<p data-end=\"1263\" data-start=\"881\">Na nota acrescentam ainda: \u00abQuem o conhece sabe da pessoa justa, leal e boa que o Pedro sempre foi, dentro e fora de casa. E sabe tamb\u00e9m do amor bonito que ele e a Marisa constru\u00edram ao longo dos anos, com base em respeito, companheirismo e verdade\u00bb.\u00a0<\/p>\n<p data-end=\"1430\" data-start=\"1265\">\u00abA fam\u00edlia e os amigos continuam aqui, firmes, a torcer, a apoiar e tamb\u00e9m a sofrer com eles, queremos que tenham isso ciente. Pedimos apenas empatia e compreens\u00e3o. A todas as mensagens que nos chegam, obrigado, mas \u00e9 tempo de todos respirarmos.\u00a0Porque o amor, mesmo ferido, continua a ser amor\u00bb, rematam.\u00a0<\/p>\n<p><strong>Recorde tudo o que aconteceu<\/strong> <\/p>\n<p>Pedro e Marisa s\u00e3o os protagonistas do momento: s\u00e3o ambos concorrentes do Secret Story 9 e entraram casados, com segredos individuais mas relacionados com a mesma tem\u00e1tica &#8211;\u00a0\u00aba m\u00e3e dos meus filhos est\u00e1 na casa\u00bb e \u00abo meu marido est\u00e1 na casa\u00bb.<\/p>\n<p>Agora, est\u00e3o a ver os segredos cada vez mais em risco de serem desvendados, porque as discuss\u00f5es t\u00eam sido constantes, de tal forma que\u00a0<a href=\"https:\/\/tvi.iol.pt\/secretstory\/videos\/relacao-de-marisa-e-pedro-chega-ao-fim-as-imagens-mais-fortes-da-decisao-drastica\/6908c8760cf229bd2f8d35ef\" rel=\"nofollow noopener\" target=\"_blank\">Pedro decidiu hoje terminar tudo com Marisa<\/a>, ap\u00f3s uma intensa troca de acusa\u00e7\u00f5es e farpas ferozes entre os dois.\u00a0<\/p>\n<p>Mas afinal, o que levou ao fim da rela\u00e7\u00e3o? As coisas j\u00e1 n\u00e3o estavam a 100% h\u00e1 algumas semanas, com o casal enfrentar muitos altos e baixos &#8211; v\u00e1rias discuss\u00f5es, situa\u00e7\u00f5es tensas, mas tamb\u00e9m momentos de carinho em que parecia que se iam entender finalmente.\u00a0<\/p>\n<p>Contudo, &#8216;a gota de \u00e1gua&#8217; aconteceu\u00a0<a href=\"https:\/\/tvi.iol.pt\/secretstory\/videos\/marisa-passada-com-pedro-anda-a-gastar-o-dinheiro-que-eu-lhe-dei-em-almocos-com-as-meninas\/6907d5dd0cf229bd2f8d357e\" rel=\"nofollow noopener\" target=\"_blank\">na gala de domingo do Secret Story, onde Marisa viu imagens de Pedro<\/a> que n\u00e3o gostou: \u00abAnda a gastar o dinheiro que eu lhe dei em almo\u00e7os com as meninas\u00bb, disse, referindo-se a Pedro ter pago para almo\u00e7ar a s\u00f3s com Liliana.\u00a0<\/p>\n<p>No fim da noite Pedro teve uma conversa privada com Liliana, o que piorou ainda mais as coisas com Marisa e os dois foram dormir chateados. J\u00e1 esta manh\u00e3 tiveram uma discuss\u00e3o muito feia precisamente por causa dessa conversa e de tarde que o &#8216;verniz estalou&#8217; de vez.\u00a0<\/p>\n<p>Pedro aproveitou para dizer a Marisa que ela n\u00e3o tinha &#8216;moral&#8217; para falar, porque tamb\u00e9m estava muito pr\u00f3xima de Bruno. Marisa garantiu que n\u00e3o ia deixar que a imagem dela fosse manchada l\u00e1 fora por causa dele e Pedro ripostou \u00abpara mim j\u00e1 pode ficar manchada\u00bb.\u00a0<\/p>\n<p>Foi nesse momento que Pedro virou costas a Marisa e p\u00f4s um ponto final: \u00abVou pegar nas minhas coisinhas que j\u00e1 est\u00e3o todas arrumadas e vou-me embora. Podes ter a certeza que \u00e9 agora. E para mim est\u00e1 tudo acabado, se n\u00e3o estava j\u00e1. Podes fazer o que tu quiseres\u00bb, disse. Ela n\u00e3o se deixou ficar e respondeu: \u00abBoa viagem\u00bb.\u00a0<\/p>\n<p><strong>Noite de l\u00e1grimas e desilus\u00e3o<\/strong> <\/p>\n<p>No Especial desta segunda-feira, ao ver as imagens dos \u00faltimos acontecimentos, <a href=\"https:\/\/tvi.iol.pt\/secretstory\/videos\/marisa-chora-compulsivamente-e-e-chamada-ao-confessionario-se-conhecesse-o-pedro-como-aqui-ele-valia-zero\/690923a10cf2559133760156\" rel=\"nofollow noopener\" target=\"_blank\">Marisa desatou num pranto tal que Cristina Ferreira a chamou ao confession\u00e1rio<\/a> para que ela pudesse desabafar mais \u00e0 vontade e dizer tudo o que lhe ia na alma.\u00a0<\/p>\n<p>Marisa n\u00e3o conteve a desilus\u00e3o com Pedro por tudo o que se passou: \u00abSe eu conhecesse o Pedro s\u00f3 aqui na casa para mim valia zero\u00bb, disse, insistindo que n\u00e3o foi por esta pessoa que se apaixono e que n\u00e3o o reconhece nestas atitudes: \u00abN\u00e3o conhe\u00e7o o Pedro aqui no jogo (&#8230;) O Pedro n\u00e3o \u00e9 isto\u00bb.\u00a0<\/p>\n<p>\u00abSe eu olhar para os olhos do Pedro depois de tudo o que ele tem vindo a fazer eu s\u00f3 sinto raiva, porque eu n\u00e3o mere\u00e7o que ele me trate assim (&#8230;) estou a sofrer imenso, porque ele\u00a0est\u00e1 sempre a enxovalhar-me, a criticar-me, a desrespeitar-me, tudo aqui dentro\u00bb, disse Marisa lavada em l\u00e1grimas.\u00a0<\/p>\n<p>J\u00e1 depois do Especial, <a href=\"https:\/\/tvi.iol.pt\/secretstory\/videos\/marisa-nao-poupa-pedro-jorge-custou-me-mais-ouvir-aquilo-do-que-levar-uma-chapada\/6909c9d20cf255913376019f\" rel=\"nofollow noopener\" target=\"_blank\">a concorrente continuou a criticar o marido, visivelmente abalada <\/a>e recebeu apoio da parte de todos os colegas, com uma exce\u00e7\u00e3o: Marisa Susana mostrou-se do lado de Pedro, condenando a postura de Marisa para com ele.\u00a0<\/p>\n<p>Em conversa com F\u00e1bio na casa de banho<a href=\"https:\/\/tvi.iol.pt\/secretstory\/videos\/marisa-susana-critica-marisa-teve-o-dia-todo-para-falar-com-o-pedro-e-esperou-pelo-direto\/6909bb3d0cf229bd2f8d36c1\" rel=\"nofollow noopener\" target=\"_blank\">, Marisa Susana criticou Marisa, considerando que a concorrente \u00abteve o dia todo\u00bb para falar <\/a>com Pedro sobre as palavras que a magoaram e esperou pela noite, no Especial, para o fazer, algo que considera errado.\u00a0<\/p>\n<p>Depois, j\u00e1 na sala e diretamente em conversa com Marisa,<a href=\"https:\/\/tvi.iol.pt\/secretstory\/videos\/marisa-susana-condena-marisa-pela-atitude-que-esta-a-ter-com-pedro-por-isso-e-que-nao-confio-em-ti\/6909bcc60cf2559133760193\" rel=\"nofollow noopener\" target=\"_blank\"> Marisa Susana confrontou-a, chamando a aten\u00e7\u00e3o<\/a> para a forma como acha que ela est\u00e1 \u00aba queimar\u00bb Pedro. Marisa n\u00e3o gostou e atirou: \u00abAinda h\u00e1s-de engolir tudo em seco no final do jogo\u00bb, disse referindo-se ao facto de eles serem um casal e ainda ningu\u00e9m saber.\u00a0<\/p>\n<p>\u00a0<\/p>\n<p>                        <script async src=\"\/\/www.instagram.com\/embed.js\"><\/script><\/p>\n","protected":false},"excerpt":{"rendered":"Ap\u00f3s os \u00faltimos acontecimentos do Secret Story 9, que envolveram Marisa e Pedro, a fam\u00edlia do casal quebrou&hellip;\n","protected":false},"author":2,"featured_media":139118,"comment_status":"","ping_status":"","sticky":false,"template":"","format":"standard","meta":{"footnotes":""},"categories":[142],"tags":[18706,1318,114,115,18705,981,19184,14646,32,33,151,18704],"class_list":{"0":"post-139117","1":"post","2":"type-post","3":"status-publish","4":"format-standard","5":"has-post-thumbnail","7":"category-tv","8":"tag-bastidores-secret-story","9":"tag-comunicado","10":"tag-entertainment","11":"tag-entretenimento","12":"tag-entrevistas-concorrentes-tvi","13":"tag-familia","14":"tag-marisa","15":"tag-pedro","16":"tag-portugal","17":"tag-pt","18":"tag-tv","19":"tag-vida-fora-da-casa"},"share_on_mastodon":{"url":"https:\/\/pubeurope.com\/@pt\/115491129445932208","error":""},"_links":{"self":[{"href":"https:\/\/www.europesays.com\/pt\/wp-json\/wp\/v2\/posts\/139117","targetHints":{"allow":["GET"]}}],"collection":[{"href":"https:\/\/www.europesays.com\/pt\/wp-json\/wp\/v2\/posts"}],"about":[{"href":"https:\/\/www.europesays.com\/pt\/wp-json\/wp\/v2\/types\/post"}],"author":[{"embeddable":true,"href":"https:\/\/www.europesays.com\/pt\/wp-json\/wp\/v2\/users\/2"}],"replies":[{"embeddable":true,"href":"https:\/\/www.europesays.com\/pt\/wp-json\/wp\/v2\/comments?post=139117"}],"version-history":[{"count":0,"href":"https:\/\/www.europesays.com\/pt\/wp-json\/wp\/v2\/posts\/139117\/revisions"}],"wp:featuredmedia":[{"embeddable":true,"href":"https:\/\/www.europesays.com\/pt\/wp-json\/wp\/v2\/media\/139118"}],"wp:attachment":[{"href":"https:\/\/www.europesays.com\/pt\/wp-json\/wp\/v2\/media?parent=139117"}],"wp:term":[{"taxonomy":"category","embeddable":true,"href":"https:\/\/www.europesays.com\/pt\/wp-json\/wp\/v2\/categories?post=139117"},{"taxonomy":"post_tag","embeddable":true,"href":"https:\/\/www.europesays.com\/pt\/wp-json\/wp\/v2\/tags?post=139117"}],"curies":[{"name":"wp","href":"https:\/\/api.w.org\/{rel}","templated":true}]}}