{"id":13912,"date":"2025-08-03T08:03:28","date_gmt":"2025-08-03T08:03:28","guid":{"rendered":"https:\/\/www.europesays.com\/pt\/13912\/"},"modified":"2025-08-03T08:03:28","modified_gmt":"2025-08-03T08:03:28","slug":"30a-feira-do-livro-de-arganil-2-a-5-de-abril","status":"publish","type":"post","link":"https:\/\/www.europesays.com\/pt\/13912\/","title":{"rendered":"30\u00aa Feira do Livro de Arganil (2 a 5 de abril)"},"content":{"rendered":"<p><img data-lazyloaded=\"1\" width=\"738\" height=\"1030\" src=\"https:\/\/www.europesays.com\/pt\/wp-content\/uploads\/2025\/08\/Cartaz-com-programa-_-XXX-Feira-do-Livro-Arganil-2025_page-0001-738x1030.jpg\" class=\"wp-image-100357 avia-img-lazy-loading-not-100357 attachment-large size-large wp-post-image\" alt=\"Cartaz Com Programa Xxx Feira Do Livro Arganil 2025 Page 0001\" decoding=\"async\" fetchpriority=\"high\"  data-\/><\/p>\n<p>O Munic\u00edpio de Arganil volta a celebrar o livro e a leitura, entre os pr\u00f3ximos dias 2 e 5 de abril, atrav\u00e9s de mais uma edi\u00e7\u00e3o da Feira do Livro de Arganil. A realizar no Multiusos da Cer\u00e2mica Arganilense, cumpre a sua 30\u00aa edi\u00e7\u00e3o.<\/p>\n<p>Consolidado ao longo dos anos como um importante marco cultural na agenda da regi\u00e3o, apresenta um programa diversificado e estimulante, pensado para atrair e envolver pessoas de todas as idades.<\/p>\n<p>Um dos principais destaques vai para a homenagem a Lu\u00eds de Cam\u00f5es. No ano em que se comemoram os 500 anos do seu nascimento, vamos contar com a sua \u201cpresen\u00e7a\u201d na abertura e inaugura\u00e7\u00e3o e ainda com a palestra \u201cCam\u00f5es, poeta e viajante\u201d pela Professora Doutora Rita Marnoto. No entanto, o programa tem muito mais para oferecer.<\/p>\n<p>Ricardo Fonseca Mota, Isabel Stilwell, Jorge Serafim e Bernardo Chatillon s\u00e3o alguns dos nomes que v\u00e3o passar pela Feira do Livro, assim como o Grupo Folcl\u00f3rico da Regi\u00e3o de Arganil e o Clube Girassol, os Polos dos Conservat\u00f3rios de M\u00fasica e Dan\u00e7a de Arganil e a Filarm\u00f3nica de Arganil que vai fazer o momento de encerramento.<\/p>\n<p>Com uma oferta de livros variada e pre\u00e7os apelativos, a feira constitui-se uma excelente oportunidade para os leitores de todas as idades se deixarem perder entre p\u00e1ginas de diferentes g\u00e9neros, desde a literatura infantojuvenil \u00e0 fic\u00e7\u00e3o, poesia, ensaio e hist\u00f3ria e adquirirem os livros de que mais gostam para enriquecer a sua biblioteca pessoal.<\/p>\n<p>Deixamos-lhe o convite para celebrar a leitura, a cultura e a hist\u00f3ria, num ambiente de festa, cultura e conv\u00edvio que s\u00f3 a Feira do Livro de Arganil sabe proporcionar.<\/p>\n<p>Consulte o programa e n\u00e3o perca pitada:<\/p>\n<p><strong>PROGRAMA:<\/strong><\/p>\n<p><strong>2 abril (quarta-feira) <\/strong><\/p>\n<p>10.00 horas \u2013 Abertura e inaugura\u00e7\u00e3o da Feira, com a<strong> \u201cpresen\u00e7a\u201d<\/strong> de <strong>Lu\u00eds de Cam\u00f5es<\/strong><\/p>\n<p>10.15 horas; 11.30 horas e 14.30 horas \u2013 <strong>\u201cA hilariante hist\u00f3ria do lobo (mau)\u201d<\/strong> por Ponto produ\u00e7\u00f5es<\/p>\n<p>19.00 horas \u2013 Apresenta\u00e7\u00e3o do livro <strong>\u201cSalvar o tempo\u201d<\/strong> de <strong>Ricardo Fonseca Mota<\/strong><\/p>\n<p>21.00 horas \u2013 <strong>\u201cO restauro da natureza das Coisas\u201d<\/strong> uma apresenta\u00e7\u00e3o do Grupo Folcl\u00f3rico da Regi\u00e3o de Arganil, com o projeto Girassol<\/p>\n<p>22.00 horas \u2013 Fecho<\/p>\n<p><strong>\u00a0<\/strong><\/p>\n<p><strong>3 abril (quinta-feira)<\/strong><\/p>\n<p>10.00 horas \u2013 Abertura da Feira<\/p>\n<p>10.15 horas; 11.30 horas e 15.00 horas \u2013 <strong>\u201cGalirafa Margol\u00edmpia\u201d<\/strong> pela Atrapalharte<\/p>\n<p>16.00 horas \u2013 \u201c<strong>Cam\u00f5es, poeta e viajante\u201d<\/strong>, palestra pela Professora Doutora Rita Marnoto<\/p>\n<p>21.00 horas \u2013 Sess\u00e3o de <strong>Contos com Jorge Serafim<\/strong><\/p>\n<p>22.00 horas \u2013 Fecho<\/p>\n<p><strong>\u00a0<\/strong><\/p>\n<p><strong>4 abril (sexta-feira)<\/strong><\/p>\n<p>10.00 horas \u2013 Abertura da Feira<\/p>\n<p>10.30 horas; 11.30 horas e 14.30 horas \u2013 <strong>Contos com Jorge Serafim<\/strong><\/p>\n<p>15.45 horas \u2013<strong> \u201cO que j\u00e1 c\u00e1 est\u00e1\u201d com Bernardo Chatillon<\/strong><\/p>\n<p>16.30 horas \u2013 <strong>Visita cultural a Pombeiro da Beira<\/strong> na companhia de Isabel Stilwell<\/p>\n<p>18.30 horas \u2013 Apresenta\u00e7\u00e3o do livro <strong>\u201cLeonor Teles\u201d <\/strong>de<strong> Isabel Stilwell<\/strong><\/p>\n<p>20.30 horas \u2013 <strong>\u201cEco(s) de Cam\u00f5es\u201d <\/strong>com a participa\u00e7\u00e3o do Agrupamento de Escolas de Arganil, P\u00f3lo do Conservat\u00f3rio de M\u00fasica de Coimbra e P\u00f3lo do Conservat\u00f3rio de Dan\u00e7a<\/p>\n<p>22.00 horas \u2013 Fecho<\/p>\n<p><strong>\u00a0<\/strong><\/p>\n<p><strong>5 abril (s\u00e1bado)<\/strong><\/p>\n<p>10.00 horas \u2013 Abertura da Feira<\/p>\n<p>10.30 horas \u2013 <strong>\u201c<\/strong><strong>Oficina Camoniana para pequenos artistas\u201d <\/strong>pela equipa da Biblioteca Municipal<\/p>\n<p>21.00 horas \u2013 <strong>\u201cConcerto de Primavera\u201d<\/strong> pela Associa\u00e7\u00e3o Filarm\u00f3nica de Arganil<\/p>\n<p>23.00 horas \u2013 Fecho<\/p>\n<p>\u00a0<\/p>\n","protected":false},"excerpt":{"rendered":"O Munic\u00edpio de Arganil volta a celebrar o livro e a leitura, entre os pr\u00f3ximos dias 2 e&hellip;\n","protected":false},"author":2,"featured_media":13913,"comment_status":"","ping_status":"","sticky":false,"template":"","format":"standard","meta":{"footnotes":""},"categories":[143],"tags":[169,114,115,170,32,33],"class_list":{"0":"post-13912","1":"post","2":"type-post","3":"status-publish","4":"format-standard","5":"has-post-thumbnail","7":"category-livros","8":"tag-books","9":"tag-entertainment","10":"tag-entretenimento","11":"tag-livros","12":"tag-portugal","13":"tag-pt"},"share_on_mastodon":{"url":"","error":""},"_links":{"self":[{"href":"https:\/\/www.europesays.com\/pt\/wp-json\/wp\/v2\/posts\/13912","targetHints":{"allow":["GET"]}}],"collection":[{"href":"https:\/\/www.europesays.com\/pt\/wp-json\/wp\/v2\/posts"}],"about":[{"href":"https:\/\/www.europesays.com\/pt\/wp-json\/wp\/v2\/types\/post"}],"author":[{"embeddable":true,"href":"https:\/\/www.europesays.com\/pt\/wp-json\/wp\/v2\/users\/2"}],"replies":[{"embeddable":true,"href":"https:\/\/www.europesays.com\/pt\/wp-json\/wp\/v2\/comments?post=13912"}],"version-history":[{"count":0,"href":"https:\/\/www.europesays.com\/pt\/wp-json\/wp\/v2\/posts\/13912\/revisions"}],"wp:featuredmedia":[{"embeddable":true,"href":"https:\/\/www.europesays.com\/pt\/wp-json\/wp\/v2\/media\/13913"}],"wp:attachment":[{"href":"https:\/\/www.europesays.com\/pt\/wp-json\/wp\/v2\/media?parent=13912"}],"wp:term":[{"taxonomy":"category","embeddable":true,"href":"https:\/\/www.europesays.com\/pt\/wp-json\/wp\/v2\/categories?post=13912"},{"taxonomy":"post_tag","embeddable":true,"href":"https:\/\/www.europesays.com\/pt\/wp-json\/wp\/v2\/tags?post=13912"}],"curies":[{"name":"wp","href":"https:\/\/api.w.org\/{rel}","templated":true}]}}