{"id":139134,"date":"2025-11-04T11:22:11","date_gmt":"2025-11-04T11:22:11","guid":{"rendered":"https:\/\/www.europesays.com\/pt\/139134\/"},"modified":"2025-11-04T11:22:11","modified_gmt":"2025-11-04T11:22:11","slug":"danilo-gentili-e-chamado-por-sbt-para-renovar-contrato-04-11-2025-outro-canal","status":"publish","type":"post","link":"https:\/\/www.europesays.com\/pt\/139134\/","title":{"rendered":"Danilo Gentili \u00e9 chamado por SBT para renovar contrato &#8211; 04\/11\/2025 &#8211; Outro Canal"},"content":{"rendered":"<p>\n<strong class=\"c-signature__location\">Aracaju <\/strong>\n<\/p>\n<p><a href=\"https:\/\/www1.folha.uol.com.br\/folha-topicos\/danilo-gentili\/\" rel=\"nofollow noopener\" target=\"_blank\">Danilo Gentili<\/a> ser\u00e1 chamado nesta semana para come\u00e7ar uma negocia\u00e7\u00e3o de renova\u00e7\u00e3o de contrato com o <a href=\"https:\/\/www1.folha.uol.com.br\/folha-topicos\/sbt\/\" rel=\"nofollow noopener\" target=\"_blank\">SBT<\/a>. Com contrato garantido apenas at\u00e9 dezembro, o apresentador do The Noite ainda est\u00e1 com sua situa\u00e7\u00e3o indefinida para 2026.<\/p>\n<p>  <a href=\"https:\/\/f5.folha.uol.com.br\/colunistas\/outro-canal\/\" rel=\"nofollow noopener\" target=\"_blank\"><br \/>\n    <img decoding=\"async\" src=\"https:\/\/www.europesays.com\/pt\/wp-content\/uploads\/2025\/10\/172599691166e09f6f54fe2_1725996911_1x1_xs.jpg\" alt=\"Foto de Outro Canal\" class=\"img-responsive c-lazyload\"\/><\/p>\n<p>  <\/a><\/p>\n<p class=\"author__description\">\n    Cobre diariamente os bastidores das novelas, do telejornalismo e da m\u00eddia esportiva. Tem como titular o jornalista Gabriel Vaquer\n  <\/p>\n","protected":false},"excerpt":{"rendered":"Aracaju Danilo Gentili ser\u00e1 chamado nesta semana para come\u00e7ar uma negocia\u00e7\u00e3o de renova\u00e7\u00e3o de contrato com o SBT.&hellip;\n","protected":false},"author":2,"featured_media":139135,"comment_status":"","ping_status":"","sticky":false,"template":"","format":"standard","meta":{"footnotes":""},"categories":[145],"tags":[219,211,210,223,15060,114,115,224,225,226,221,220,222,32,33,936,4758,218,31018,228,227],"class_list":{"0":"post-139134","1":"post","2":"type-post","3":"status-publish","4":"format-standard","5":"has-post-thumbnail","7":"category-celebridades","8":"tag-bichos","9":"tag-celebridades","10":"tag-celebrities","11":"tag-colunistas","12":"tag-danilo-gentili","13":"tag-entertainment","14":"tag-entretenimento","15":"tag-estranho","16":"tag-eu-amo","17":"tag-fofices","18":"tag-horoscopo","19":"tag-humanos","20":"tag-humor","21":"tag-portugal","22":"tag-pt","23":"tag-sbt","24":"tag-stand-up-comedy","25":"tag-televisao","26":"tag-the-noite","27":"tag-tudo","28":"tag-videos"},"share_on_mastodon":{"url":"https:\/\/pubeurope.com\/@pt\/115491172903160676","error":""},"_links":{"self":[{"href":"https:\/\/www.europesays.com\/pt\/wp-json\/wp\/v2\/posts\/139134","targetHints":{"allow":["GET"]}}],"collection":[{"href":"https:\/\/www.europesays.com\/pt\/wp-json\/wp\/v2\/posts"}],"about":[{"href":"https:\/\/www.europesays.com\/pt\/wp-json\/wp\/v2\/types\/post"}],"author":[{"embeddable":true,"href":"https:\/\/www.europesays.com\/pt\/wp-json\/wp\/v2\/users\/2"}],"replies":[{"embeddable":true,"href":"https:\/\/www.europesays.com\/pt\/wp-json\/wp\/v2\/comments?post=139134"}],"version-history":[{"count":0,"href":"https:\/\/www.europesays.com\/pt\/wp-json\/wp\/v2\/posts\/139134\/revisions"}],"wp:featuredmedia":[{"embeddable":true,"href":"https:\/\/www.europesays.com\/pt\/wp-json\/wp\/v2\/media\/139135"}],"wp:attachment":[{"href":"https:\/\/www.europesays.com\/pt\/wp-json\/wp\/v2\/media?parent=139134"}],"wp:term":[{"taxonomy":"category","embeddable":true,"href":"https:\/\/www.europesays.com\/pt\/wp-json\/wp\/v2\/categories?post=139134"},{"taxonomy":"post_tag","embeddable":true,"href":"https:\/\/www.europesays.com\/pt\/wp-json\/wp\/v2\/tags?post=139134"}],"curies":[{"name":"wp","href":"https:\/\/api.w.org\/{rel}","templated":true}]}}