{"id":139154,"date":"2025-11-04T11:43:09","date_gmt":"2025-11-04T11:43:09","guid":{"rendered":"https:\/\/www.europesays.com\/pt\/139154\/"},"modified":"2025-11-04T11:43:09","modified_gmt":"2025-11-04T11:43:09","slug":"vem-ai-em-a-protegida-mariana-impoe-uma-condicao-a-virgilio-para-receber-a-heranca-novelas","status":"publish","type":"post","link":"https:\/\/www.europesays.com\/pt\/139154\/","title":{"rendered":"Vem a\u00ed em \u00abA Protegida\u00bb: Mariana imp\u00f5e uma condi\u00e7\u00e3o a Virg\u00edlio para receber a heran\u00e7a &#8211; Novelas"},"content":{"rendered":"<p>Em \u00abA Protegida\u00bb, <a href=\"https:\/\/tvi.iol.pt\/novelas\/ator\/mariana-vilalobos\/67ac80ecd34ef72ee44224fe\" wbo-id=\"51\" rel=\"nofollow noopener\" target=\"_blank\">Mariana (Matilde Reym\u00e3o)<\/a>\u00a0fala com <a href=\"https:\/\/tvi.iol.pt\/novelas\/ator\/virgilio-cruz\/67ac83e1d34e3f0bae9a56e3\" rel=\"nofollow noopener\" target=\"_blank\">Virg\u00edlio (Diogo Morgado)<\/a>\u00a0e Aruna\u00a0<a href=\"https:\/\/tvi.iol.pt\/novelas\/videos\/aruna-para-virgilio-vamos-ter-de-confiar-no-destino\/67f40ac00cf216cd3ad3455d\" rel=\"nofollow noopener\" target=\"_blank\">(Noua Wong)<\/a>\u00a0\u00e0 parte. Mariana pergunta a Virg\u00edlio se anda a consumir droga e diz que <a href=\"https:\/\/tvi.iol.pt\/novelas\/ator\/benedita-vilalobos\/67ac818fd34ef72ee4422507\" rel=\"nofollow noopener\" target=\"_blank\">Benedita (Maria do C\u00e9u Guerra)<\/a>\u00a0a incumbiu de fazer com que Virg\u00edlio voltasse para os narc\u00f3ticos an\u00f3nimos e s\u00f3 depois lhe poderia dar a sua parte da heran\u00e7a. Virg\u00edlio tem de lhe fazer a vontade e finge-se comovido com o gesto.<\/p>\n<p>Virg\u00edlio est\u00e1 chateado com a conversa de Mariana e acha que ele o infantilizou. Aruna compreende que Virg\u00edlio n\u00e3o tenha gostado, mas tudo o que Mariana disse \u00e9 verdade e sente-se mal por o ter escondido de Benedita e Mariana. <a href=\"https:\/\/tvi.iol.pt\/novelas\/videos\/sanjay-e-apanhado-a-roubar-comida\/67ed5b3f0cf20ac1d5f2fac7\" rel=\"nofollow noopener\" target=\"_blank\">Sanjay (M\u00e1rio Oliveira)<\/a>\u00a0diz que precisa de ajuda e Aruna vai com ele. Virg\u00edlio vai para o wc zangado.<\/p>\n<p>Recorde-se que Benedita sempre foi confidente de Virg\u00edlio:<\/p>\n","protected":false},"excerpt":{"rendered":"Em \u00abA Protegida\u00bb, Mariana (Matilde Reym\u00e3o)\u00a0fala com Virg\u00edlio (Diogo Morgado)\u00a0e Aruna\u00a0(Noua Wong)\u00a0\u00e0 parte. Mariana pergunta a Virg\u00edlio se&hellip;\n","protected":false},"author":2,"featured_media":139155,"comment_status":"","ping_status":"","sticky":false,"template":"","format":"standard","meta":{"footnotes":""},"categories":[142],"tags":[168,160,166,4836,114,115,157,167,164,884,881,31021,465,161,158,165,159,32,33,156,163,151,162,4837],"class_list":{"0":"post-139154","1":"post","2":"type-post","3":"status-publish","4":"format-standard","5":"has-post-thumbnail","7":"category-tv","8":"tag-a-protegida","9":"tag-ana-guiomar","10":"tag-cristina-ferreira","11":"tag-diogo-morgado","12":"tag-entertainment","13":"tag-entretenimento","14":"tag-festa-e-festa","15":"tag-ficcao","16":"tag-jose-fidalgo","17":"tag-mariana","18":"tag-matilde-reymao","19":"tag-noua","20":"tag-noua-wong","21":"tag-novelas","22":"tag-para-sempre","23":"tag-pedro-sousa","24":"tag-pedro-teixeira","25":"tag-portugal","26":"tag-pt","27":"tag-queridos-papas","28":"tag-tiago-teotonio-pereira","29":"tag-tv","30":"tag-tvi","31":"tag-virgilio"},"share_on_mastodon":{"url":"https:\/\/pubeurope.com\/@pt\/115491255273971684","error":""},"_links":{"self":[{"href":"https:\/\/www.europesays.com\/pt\/wp-json\/wp\/v2\/posts\/139154","targetHints":{"allow":["GET"]}}],"collection":[{"href":"https:\/\/www.europesays.com\/pt\/wp-json\/wp\/v2\/posts"}],"about":[{"href":"https:\/\/www.europesays.com\/pt\/wp-json\/wp\/v2\/types\/post"}],"author":[{"embeddable":true,"href":"https:\/\/www.europesays.com\/pt\/wp-json\/wp\/v2\/users\/2"}],"replies":[{"embeddable":true,"href":"https:\/\/www.europesays.com\/pt\/wp-json\/wp\/v2\/comments?post=139154"}],"version-history":[{"count":0,"href":"https:\/\/www.europesays.com\/pt\/wp-json\/wp\/v2\/posts\/139154\/revisions"}],"wp:featuredmedia":[{"embeddable":true,"href":"https:\/\/www.europesays.com\/pt\/wp-json\/wp\/v2\/media\/139155"}],"wp:attachment":[{"href":"https:\/\/www.europesays.com\/pt\/wp-json\/wp\/v2\/media?parent=139154"}],"wp:term":[{"taxonomy":"category","embeddable":true,"href":"https:\/\/www.europesays.com\/pt\/wp-json\/wp\/v2\/categories?post=139154"},{"taxonomy":"post_tag","embeddable":true,"href":"https:\/\/www.europesays.com\/pt\/wp-json\/wp\/v2\/tags?post=139154"}],"curies":[{"name":"wp","href":"https:\/\/api.w.org\/{rel}","templated":true}]}}