{"id":139171,"date":"2025-11-04T11:57:08","date_gmt":"2025-11-04T11:57:08","guid":{"rendered":"https:\/\/www.europesays.com\/pt\/139171\/"},"modified":"2025-11-04T11:57:08","modified_gmt":"2025-11-04T11:57:08","slug":"pedro-na-chapa-com-mais-quatro-concorrentes-estes-sao-os-nomeados-da-semana-secret-story","status":"publish","type":"post","link":"https:\/\/www.europesays.com\/pt\/139171\/","title":{"rendered":"Pedro na chapa com mais quatro concorrentes. Estes s\u00e3o os nomeados da semana &#8211; Secret Story"},"content":{"rendered":"<p style=\"margin-bottom:11px\">No Especial do Secret Story desta segunda-feira, dia 3 de novembro, foi conhecido o leque final de nomeados. H\u00e1 cinco concorrentes em risco de serem expulsos na gala do pr\u00f3ximo domingo.<\/p>\n<p>Dado que existia um empate entre tr\u00eas pessoas devido \u00e0s nomea\u00e7\u00f5es da gala (Bruna, In\u00eas e Pedro), os concorrentes foram desafiados a salvar um deles. Bruna acabou por safar-se. Curiosamente, Marisa n\u00e3o escolheu salvar o marido, o que est\u00e1 a gerar muitas rea\u00e7\u00f5es fora da casa.<\/p>\n<p><strong>Ana Cristina, Bruno, In\u00eas, Pedro e Raquel <\/strong>s\u00e3o os nomeados da semana. Vote para <strong>salvar:<\/strong><\/p>\n<p>ANA CRISTINA \u2013 761 20 20 02<\/p>\n<p>BRUNO \u2013 761 20 20 04<\/p>\n<p>IN\u00caS \u2013 761 20 20 10<\/p>\n<p>PEDRO \u2013 761 20 20 18<\/p>\n<p>RAQUEL \u2013 761 20 20 22<\/p>\n<p style=\"margin-bottom:11px\">\u00a0<\/p>\n<p style=\"margin-bottom:11px\">\u00a0\u00a0<\/p>\n","protected":false},"excerpt":{"rendered":"No Especial do Secret Story desta segunda-feira, dia 3 de novembro, foi conhecido o leque final de nomeados.&hellip;\n","protected":false},"author":2,"featured_media":139172,"comment_status":"","ping_status":"","sticky":false,"template":"","format":"standard","meta":{"footnotes":""},"categories":[142],"tags":[8113,2632,329,333,328,335,336,114,115,334,330,1326,338,19019,3448,13,32,33,1315,8174,151,162,19020,227],"class_list":{"0":"post-139171","1":"post","2":"type-post","3":"status-publish","4":"format-standard","5":"has-post-thumbnail","7":"category-tv","8":"tag-alice-alves","9":"tag-casa-dos-segredos","10":"tag-claudio-ramos","11":"tag-comentadores","12":"tag-concorrentes","13":"tag-confrontos","14":"tag-discussoes","15":"tag-entertainment","16":"tag-entretenimento","17":"tag-exclusivos","18":"tag-gala","19":"tag-mafalda-castro","20":"tag-maria-botelho-moniz","21":"tag-marta-cardoso","22":"tag-nomeados","23":"tag-noticias","24":"tag-portugal","25":"tag-pt","26":"tag-secret-story","27":"tag-segredos","28":"tag-tv","29":"tag-tvi","30":"tag-video-do-dia","31":"tag-videos"},"share_on_mastodon":{"url":"https:\/\/pubeurope.com\/@pt\/115491310312004018","error":""},"_links":{"self":[{"href":"https:\/\/www.europesays.com\/pt\/wp-json\/wp\/v2\/posts\/139171","targetHints":{"allow":["GET"]}}],"collection":[{"href":"https:\/\/www.europesays.com\/pt\/wp-json\/wp\/v2\/posts"}],"about":[{"href":"https:\/\/www.europesays.com\/pt\/wp-json\/wp\/v2\/types\/post"}],"author":[{"embeddable":true,"href":"https:\/\/www.europesays.com\/pt\/wp-json\/wp\/v2\/users\/2"}],"replies":[{"embeddable":true,"href":"https:\/\/www.europesays.com\/pt\/wp-json\/wp\/v2\/comments?post=139171"}],"version-history":[{"count":0,"href":"https:\/\/www.europesays.com\/pt\/wp-json\/wp\/v2\/posts\/139171\/revisions"}],"wp:featuredmedia":[{"embeddable":true,"href":"https:\/\/www.europesays.com\/pt\/wp-json\/wp\/v2\/media\/139172"}],"wp:attachment":[{"href":"https:\/\/www.europesays.com\/pt\/wp-json\/wp\/v2\/media?parent=139171"}],"wp:term":[{"taxonomy":"category","embeddable":true,"href":"https:\/\/www.europesays.com\/pt\/wp-json\/wp\/v2\/categories?post=139171"},{"taxonomy":"post_tag","embeddable":true,"href":"https:\/\/www.europesays.com\/pt\/wp-json\/wp\/v2\/tags?post=139171"}],"curies":[{"name":"wp","href":"https:\/\/api.w.org\/{rel}","templated":true}]}}