{"id":139173,"date":"2025-11-04T12:00:18","date_gmt":"2025-11-04T12:00:18","guid":{"rendered":"https:\/\/www.europesays.com\/pt\/139173\/"},"modified":"2025-11-04T12:00:18","modified_gmt":"2025-11-04T12:00:18","slug":"joao-pereira-deixa-comando-tecnico-do-casa-pia","status":"publish","type":"post","link":"https:\/\/www.europesays.com\/pt\/139173\/","title":{"rendered":"Jo\u00e3o Pereira deixa comando t\u00e9cnico do Casa Pia"},"content":{"rendered":"<p style=\"margin-bottom:11px\">Conotado como um dos mais promissores treinadores portugueses na Liga, Jo\u00e3o Pereira est\u00e1 de sa\u00edda do Casa Pia, 16.\u00ba e antepen\u00faltimo classificado. Conforme avan\u00e7ado pela imprensa nacional e confirmado pelo <strong>Maisfutebol<\/strong>, o treinador de 33 anos est\u00e1 a acertar a rescis\u00e3o com os \u201cGansos\u201d, pelo que o acordo dever\u00e1 ficar selado nesta segunda-feira.<\/p>\n<p>Apesar da especula\u00e7\u00e3o em torno do sucessor, o nosso jornal sabe que a administra\u00e7\u00e3o do Casa Pia d\u00e1 prioridade ao acordo de rescis\u00e3o com Jo\u00e3o Pereira, apontando baterias ao novo timoneiro de seguida.<\/p>\n<p>Depois de liderar o Casa Pia ao hist\u00f3rico nono lugar, Jo\u00e3o Pereira viveu uma segunda temporada d\u00edspar, com seis derrotas (Sporting, FC Porto, Nacional, Moreirense, Sp. Braga e E. Amadora), dois empates (Famalic\u00e3o e Estoril) e tr\u00eas vit\u00f3rias (AVS, Arouca e An\u00e7\u00e3, para a Ta\u00e7a). Desta forma, os \u201cGansos\u201d n\u00e3o vencem no campeonato desde 14 de setembro, aquando da visita ao Arouca (2-0).<\/p>\n<p>No <a href=\"https:\/\/maisfutebol.iol.pt\/resultadoseclassificacoes\/128\/Portugal\/Liga\" rel=\"nofollow noopener\" target=\"_blank\">lugar que obriga a disputar o play-off de manuten\u00e7\u00e3o, o Casa Pia leva dois pontos de vantagem sobre o Tondela<\/a> (17.\u00ba), espreitando a posi\u00e7\u00e3o do Arouca (15.\u00ba), a um ponto. A sa\u00edda de Jo\u00e3o Pereira acontece na antec\u00e2mara da visita ao Benfica (3.\u00ba), no domingo (20h30).<\/p>\n<p>O Casa Pia tamb\u00e9m compete na Ta\u00e7a de Portugal, visitando o Alpendorada na tarde de 22 de novembro. De recordar que este <a href=\"https:\/\/maisfutebol.iol.pt\/jogo\/alpendorada\/e-amadora\/13830709\" rel=\"nofollow noopener\" target=\"_blank\">emblema do Campeonato de Portugal \u2013 onde joga o filho de Rui Borges<\/a> \u2013 eliminou o Estrela da Amadora.<\/p>\n<p>Quanto a Jo\u00e3o Pereira, o conimbricense de 33 anos procura um novo rumo, depois de valorizar o Amora na Liga 3, promover o Alverca \u00e0 II Liga com a conquista da Liga 3, e consolidar o Casa Pia na principal divis\u00e3o. Numa carreira despontada nos escal\u00f5es de forma\u00e7\u00e3o de Mealhada, FC Porto e Acad\u00e9mica, o treinador tamb\u00e9m foi adjunto na sele\u00e7\u00e3o de Mo\u00e7ambique.<\/p>\n","protected":false},"excerpt":{"rendered":"Conotado como um dos mais promissores treinadores portugueses na Liga, Jo\u00e3o Pereira est\u00e1 de sa\u00edda do Casa Pia,&hellip;\n","protected":false},"author":2,"featured_media":139174,"comment_status":"","ping_status":"","sticky":false,"template":"","format":"standard","meta":{"footnotes":""},"categories":[87],"tags":[1529,135,2975,36,46,40,42,41,32,33,47,134,35],"class_list":{"0":"post-139173","1":"post","2":"type-post","3":"status-publish","4":"format-standard","5":"has-post-thumbnail","7":"category-desporto","8":"tag-casa-pia","9":"tag-desporto","10":"tag-joao-pereira","11":"tag-liga","12":"tag-maisfutebol","13":"tag-maistransferencias","14":"tag-mercado","15":"tag-mercado-de-transferencias","16":"tag-portugal","17":"tag-pt","18":"tag-pura-paixao","19":"tag-sports","20":"tag-transferencias"},"share_on_mastodon":{"url":"https:\/\/pubeurope.com\/@pt\/115491322356959640","error":""},"_links":{"self":[{"href":"https:\/\/www.europesays.com\/pt\/wp-json\/wp\/v2\/posts\/139173","targetHints":{"allow":["GET"]}}],"collection":[{"href":"https:\/\/www.europesays.com\/pt\/wp-json\/wp\/v2\/posts"}],"about":[{"href":"https:\/\/www.europesays.com\/pt\/wp-json\/wp\/v2\/types\/post"}],"author":[{"embeddable":true,"href":"https:\/\/www.europesays.com\/pt\/wp-json\/wp\/v2\/users\/2"}],"replies":[{"embeddable":true,"href":"https:\/\/www.europesays.com\/pt\/wp-json\/wp\/v2\/comments?post=139173"}],"version-history":[{"count":0,"href":"https:\/\/www.europesays.com\/pt\/wp-json\/wp\/v2\/posts\/139173\/revisions"}],"wp:featuredmedia":[{"embeddable":true,"href":"https:\/\/www.europesays.com\/pt\/wp-json\/wp\/v2\/media\/139174"}],"wp:attachment":[{"href":"https:\/\/www.europesays.com\/pt\/wp-json\/wp\/v2\/media?parent=139173"}],"wp:term":[{"taxonomy":"category","embeddable":true,"href":"https:\/\/www.europesays.com\/pt\/wp-json\/wp\/v2\/categories?post=139173"},{"taxonomy":"post_tag","embeddable":true,"href":"https:\/\/www.europesays.com\/pt\/wp-json\/wp\/v2\/tags?post=139173"}],"curies":[{"name":"wp","href":"https:\/\/api.w.org\/{rel}","templated":true}]}}