{"id":139185,"date":"2025-11-04T12:08:32","date_gmt":"2025-11-04T12:08:32","guid":{"rendered":"https:\/\/www.europesays.com\/pt\/139185\/"},"modified":"2025-11-04T12:08:32","modified_gmt":"2025-11-04T12:08:32","slug":"falha-de-kit-medico-em-helicoptero-do-inem-impediu-transporte-de-bebe-em-estado-critico","status":"publish","type":"post","link":"https:\/\/www.europesays.com\/pt\/139185\/","title":{"rendered":"Falha de kit m\u00e9dico em helic\u00f3ptero do INEM impediu transporte de beb\u00e9 em estado cr\u00edtico"},"content":{"rendered":"<p>O beb\u00e9 que nasceu com uma hemorragia cerebral grave no Hospital do Barlavento Algarvio, em Portim\u00e3o, na sexta-feira, n\u00e3o foi transferido mais rapidamente para Lisboa devido a uma falha no kit m\u00e9dico do helic\u00f3ptero do INEM, estacionado em Loul\u00e9, que deveria ter assegurado o transporte. No s\u00e1bado, dia em que o rec\u00e9m-nascido foi transferido de ambul\u00e2ncia para Lisboa, o INEM garantiu, em comunicado, que todos os seus &#8220;h\u00e9lis&#8221; se encontravam operacionais.<\/p>\n","protected":false},"excerpt":{"rendered":"O beb\u00e9 que nasceu com uma hemorragia cerebral grave no Hospital do Barlavento Algarvio, em Portim\u00e3o, na sexta-feira,&hellip;\n","protected":false},"author":2,"featured_media":139186,"comment_status":"","ping_status":"","sticky":false,"template":"","format":"standard","meta":{"footnotes":""},"categories":[10],"tags":[27,28,9475,15,16,14,25,26,797,21,22,619,12,13,19,20,10765,32,23,24,33,117,17,18,29,30,31],"class_list":{"0":"post-139185","1":"post","2":"type-post","3":"status-publish","4":"format-standard","5":"has-post-thumbnail","7":"category-portugal","8":"tag-breaking-news","9":"tag-breakingnews","10":"tag-faro","11":"tag-featured-news","12":"tag-featurednews","13":"tag-headlines","14":"tag-latest-news","15":"tag-latestnews","16":"tag-lisboa","17":"tag-main-news","18":"tag-mainnews","19":"tag-nacional","20":"tag-news","21":"tag-noticias","22":"tag-noticias-principais","23":"tag-noticiasprincipais","24":"tag-portimao","25":"tag-portugal","26":"tag-principais-noticias","27":"tag-principaisnoticias","28":"tag-pt","29":"tag-saude","30":"tag-top-stories","31":"tag-topstories","32":"tag-ultimas","33":"tag-ultimas-noticias","34":"tag-ultimasnoticias"},"share_on_mastodon":{"url":"https:\/\/pubeurope.com\/@pt\/115491353638355186","error":""},"_links":{"self":[{"href":"https:\/\/www.europesays.com\/pt\/wp-json\/wp\/v2\/posts\/139185","targetHints":{"allow":["GET"]}}],"collection":[{"href":"https:\/\/www.europesays.com\/pt\/wp-json\/wp\/v2\/posts"}],"about":[{"href":"https:\/\/www.europesays.com\/pt\/wp-json\/wp\/v2\/types\/post"}],"author":[{"embeddable":true,"href":"https:\/\/www.europesays.com\/pt\/wp-json\/wp\/v2\/users\/2"}],"replies":[{"embeddable":true,"href":"https:\/\/www.europesays.com\/pt\/wp-json\/wp\/v2\/comments?post=139185"}],"version-history":[{"count":0,"href":"https:\/\/www.europesays.com\/pt\/wp-json\/wp\/v2\/posts\/139185\/revisions"}],"wp:featuredmedia":[{"embeddable":true,"href":"https:\/\/www.europesays.com\/pt\/wp-json\/wp\/v2\/media\/139186"}],"wp:attachment":[{"href":"https:\/\/www.europesays.com\/pt\/wp-json\/wp\/v2\/media?parent=139185"}],"wp:term":[{"taxonomy":"category","embeddable":true,"href":"https:\/\/www.europesays.com\/pt\/wp-json\/wp\/v2\/categories?post=139185"},{"taxonomy":"post_tag","embeddable":true,"href":"https:\/\/www.europesays.com\/pt\/wp-json\/wp\/v2\/tags?post=139185"}],"curies":[{"name":"wp","href":"https:\/\/api.w.org\/{rel}","templated":true}]}}