{"id":139187,"date":"2025-11-04T12:10:09","date_gmt":"2025-11-04T12:10:09","guid":{"rendered":"https:\/\/www.europesays.com\/pt\/139187\/"},"modified":"2025-11-04T12:10:09","modified_gmt":"2025-11-04T12:10:09","slug":"maria-gladys-e-flagrada-nas-ruas-do-rio-depois-de-filha-relatar-sumico-celebridades","status":"publish","type":"post","link":"https:\/\/www.europesays.com\/pt\/139187\/","title":{"rendered":"Maria Gladys \u00e9 flagrada nas ruas do Rio depois de filha relatar sumi\u00e7o | Celebridades"},"content":{"rendered":"<p>                                        Maria Gladys foi flagrada por f\u00e3 almo\u00e7ando no Catete &#8211; Reprodu\u00e7\u00e3o \/ Instagram<\/p>\n<p class=\"content-media__description\">Maria Gladys foi flagrada por f\u00e3 almo\u00e7ando no CateteReprodu\u00e7\u00e3o \/ Instagram<\/p>\n<p>                                                        Publicado 04\/11\/2025 07:30 | Atualizado 04\/11\/2025 07:42\n                    <\/p>\n<p>                    A atriz Maria Gladys, de 85 anos, foi vista no \u00faltimo s\u00e1bado (1\u00ba), almo\u00e7ando em um bar no Catete, Zona Sul do Rio. \u00c9 a primeira apari\u00e7\u00e3o p\u00fablica da artista desde abril, quando uma de suas filhas disse que ela estaria &#8220;na rua, confusa e sem dinheiro&#8221;. Segundo publica\u00e7\u00e3o feita no Instagram pela\u00a0f\u00e3 Fania Freitas, Maria Gladys almo\u00e7ava ao lado de uma das filha, em frente ao Pal\u00e1cio do Catete.<\/p>\n<p>A int\u00e9rprete\u00a0se envolveu em uma pol\u00eamica no in\u00edcio do ano, <a href=\"https:\/\/odia.ig.com.br\/colunas\/daniel-nascimento\/2025\/04\/7036738-maria-gladys-esta-confusa-e-sem-abrigo-revela-filha-ao-pedir-ajuda.html\" target=\"_blank\" rel=\"noopener noreferrer nofollow\">quando a filha Maria Thereza Mello Maron relatou seu desaparecimento<\/a>. &#8220;Al\u00f4 amigos! Maria Gladys est\u00e1 em Santa Rita de Jacutinga, na rua, confusa, sozinha, sem dinheiro e sem casa&#8221;, escreveu em uma postagem no Facebook.<\/p>\n<p>&#8220;L\u00e1 \u00e9 uma cidade de dif\u00edcil acesso, pois n\u00e3o tem transporte. Ela precisa de t\u00e1xi pra chegar \u00e0 Volta Redonda e, de l\u00e1, vir pro Rio e eu buscar ela (sic) na rodovi\u00e1ria. Nem eu, nem minha irm\u00e3 temos o dinheiro da passagem. Quem puder ajudar, estou deixando o pix dela&#8221;, complementou.<\/p>\n<p>Posteriormente, Gladys concedeu uma entrevista ao programa &#8220;Domingo Espetacular&#8221;, da Record, e esclareceu a sua situa\u00e7\u00e3o. <a href=\"https:\/\/odia.ig.com.br\/diversao\/televisao\/2025\/04\/7042537-maria-gladys-comenta-dificuldades-financeiras-e-admite-gasto-mais-do-que-tenho.html\" target=\"_blank\" rel=\"noopener noreferrer nofollow\">Ela falou que &#8220;gasta mais do que tem para viver bem&#8221;, e que n\u00e3o economizou dinheiro durante a vida<\/a>.<\/p>\n<p>&#8220;Eu quero viver bem, s\u00f3 se vive uma vez. Eu n\u00e3o economizo, o dinheiro \u00e9 pouco. N\u00e3o \u00e9 para economizar, \u00e9 para gastar&#8221;, disse. &#8220;Nunca o dinheiro deu para comprar uma casa. \u00c9 caro. Geralmente quem tem casa \u00e9 herdeiro, vai passando. Eu n\u00e3o sou herdeira.&#8221;<\/p>\n<p><strong>Trajet\u00f3ria<\/strong><\/p>\n<p>Maria Gladys come\u00e7ou no teatro no final dos anos 1950 e estreou com a pe\u00e7a &#8220;O Mambembe&#8221; em 1959, ao lado Fernanda Montenegro e Fernando Torres (1927-2008). Um de seus trabalhos mais ic\u00f4nicos \u00e9 o papel de Lucimar na novela &#8220;Vale Tudo&#8221; (1988-1989). Ela tamb\u00e9m participou de produ\u00e7\u00f5es\u00a0como &#8220;Um Anjo Caiu do C\u00e9u&#8221; (2001), &#8220;Neg\u00f3cio da China&#8221; (2008-2009) e &#8220;Aquele Beijo&#8221; (2011-2012).<\/p>\n","protected":false},"excerpt":{"rendered":"Maria Gladys foi flagrada por f\u00e3 almo\u00e7ando no Catete &#8211; Reprodu\u00e7\u00e3o \/ Instagram Maria Gladys foi flagrada por&hellip;\n","protected":false},"author":2,"featured_media":139188,"comment_status":"","ping_status":"","sticky":false,"template":"","format":"standard","meta":{"footnotes":""},"categories":[145],"tags":[31022,211,210,114,115,26328,32,33,631],"class_list":{"0":"post-139187","1":"post","2":"type-post","3":"status-publish","4":"format-standard","5":"has-post-thumbnail","7":"category-celebridades","8":"tag-catete","9":"tag-celebridades","10":"tag-celebrities","11":"tag-entertainment","12":"tag-entretenimento","13":"tag-maria-gladys","14":"tag-portugal","15":"tag-pt","16":"tag-zona-sul"},"share_on_mastodon":{"url":"https:\/\/pubeurope.com\/@pt\/115491361425675240","error":""},"_links":{"self":[{"href":"https:\/\/www.europesays.com\/pt\/wp-json\/wp\/v2\/posts\/139187","targetHints":{"allow":["GET"]}}],"collection":[{"href":"https:\/\/www.europesays.com\/pt\/wp-json\/wp\/v2\/posts"}],"about":[{"href":"https:\/\/www.europesays.com\/pt\/wp-json\/wp\/v2\/types\/post"}],"author":[{"embeddable":true,"href":"https:\/\/www.europesays.com\/pt\/wp-json\/wp\/v2\/users\/2"}],"replies":[{"embeddable":true,"href":"https:\/\/www.europesays.com\/pt\/wp-json\/wp\/v2\/comments?post=139187"}],"version-history":[{"count":0,"href":"https:\/\/www.europesays.com\/pt\/wp-json\/wp\/v2\/posts\/139187\/revisions"}],"wp:featuredmedia":[{"embeddable":true,"href":"https:\/\/www.europesays.com\/pt\/wp-json\/wp\/v2\/media\/139188"}],"wp:attachment":[{"href":"https:\/\/www.europesays.com\/pt\/wp-json\/wp\/v2\/media?parent=139187"}],"wp:term":[{"taxonomy":"category","embeddable":true,"href":"https:\/\/www.europesays.com\/pt\/wp-json\/wp\/v2\/categories?post=139187"},{"taxonomy":"post_tag","embeddable":true,"href":"https:\/\/www.europesays.com\/pt\/wp-json\/wp\/v2\/tags?post=139187"}],"curies":[{"name":"wp","href":"https:\/\/api.w.org\/{rel}","templated":true}]}}