{"id":139195,"date":"2025-11-04T12:18:32","date_gmt":"2025-11-04T12:18:32","guid":{"rendered":"https:\/\/www.europesays.com\/pt\/139195\/"},"modified":"2025-11-04T12:18:32","modified_gmt":"2025-11-04T12:18:32","slug":"ze-lopes-feliz-com-conhecido-jornalista-encantou-me-desde-o-primeiro-momento-amo-o-muito","status":"publish","type":"post","link":"https:\/\/www.europesays.com\/pt\/139195\/","title":{"rendered":"Z\u00e9 Lopes feliz com conhecido jornalista: &#8220;Encantou-me desde o primeiro momento. Amo-o muito&#8221;"},"content":{"rendered":"<p>Esta segunda-feira, dia 3, \u00e9 de festa para <a href=\"https:\/\/selfie.iol.pt\/famosos\/big-brother-verao\/revelacao-surpreendente-ze-lopes-foi-convidado-para-ser-concorrente-de-reality-show-da-tvi\/20251030\/690378b3d34e2bd5c6d37108\" target=\"_blank\" rel=\"nofollow noopener\">Z\u00e9 Lopes<\/a>, que celebra o anivers\u00e1rio de um dos melhores amigos: o jornalista <a href=\"https:\/\/selfie.iol.pt\/famosos\/pedro-ramos-bichardo\/reporter-pedro-ramos-bichardo-cercado-por-incendio-nao-ha-forma-de-sair\/20250818\/68a2e5e4d34ef72ee449878e\" target=\"_blank\" rel=\"nofollow noopener\">Pedro Ramos Bichardo<\/a>.<\/p>\n<p>No Instagram, o apresentador partilhou um registo de um momento feliz vivido com o aniversariante. E, na descri\u00e7\u00e3o, Z\u00e9 Lopes teceu rasgados elogios a Pedro Ramos Bichardo.<\/p>\n<p>&#8220;Hoje \u00e9 o dia dele. O dia de uma das pessoas mais bonitas que tenho na vida. Do colega de casa que se tornou amigo. Daquele que tem sempre os melhores conselhos e que vibra com as minhas conquistas como se fossem dele&#8221;, come\u00e7ou por afirmar o comunicador.<\/p>\n<p>De seguida, Z\u00e9 Lopes assinalou: &#8220;O Pedro valoriza as coisas que mais prezo: a fam\u00edlia; as origens; a terra. \u00c9 genuinamente um bom mi\u00fado e nem os amuos constantes lhe tiram o brilho que me encantou desde o primeiro momento. Tem a mesma energia ca\u00f3tica que tenho e nem isso faz com que discutamos ou tenhamos conflitos.&#8221;<\/p>\n<p>&#8220;Se a vida for justa, vai dar-lhe o melhor. Porque ele merece. E eu c\u00e1 estarei ao lado dele. Para brindar \u00e0s vit\u00f3rias e para ser colo nas derrotas. Porque a amizade \u00e9 das mais bonitas formas de amor. E eu amo-o muito. Parab\u00e9ns, irm\u00e3o&#8221;, completou.<\/p>\n<p>Veja, agora, algumas das melhores imagens de Z\u00e9 Lopes nas galerias de fotografias que prepar\u00e1mos para si.<\/p>\n<p><img decoding=\"async\" alt=\"\" onclick=\"\" src=\"https:\/\/www.europesays.com\/pt\/wp-content\/uploads\/2025\/11\/1762258712_47_1024.jpeg\" title=\"Z\u00e9 Lopes\"\/><\/p>\n","protected":false},"excerpt":{"rendered":"Esta segunda-feira, dia 3, \u00e9 de festa para Z\u00e9 Lopes, que celebra o anivers\u00e1rio de um dos melhores&hellip;\n","protected":false},"author":2,"featured_media":139196,"comment_status":"","ping_status":"","sticky":false,"template":"","format":"standard","meta":{"footnotes":""},"categories":[85],"tags":[3736,996,6973,114,115,980,1015,619,7323,32,33,1012,162,6972,6971],"class_list":{"0":"post-139195","1":"post","2":"type-post","3":"status-publish","4":"format-standard","5":"has-post-thumbnail","7":"category-entretenimento","8":"tag-amizade","9":"tag-aniversario","10":"tag-apresentador","11":"tag-entertainment","12":"tag-entretenimento","13":"tag-famosos","14":"tag-instagram","15":"tag-nacional","16":"tag-pedro-ramos-bichardo","17":"tag-portugal","18":"tag-pt","19":"tag-selfie","20":"tag-tvi","21":"tag-vmais","22":"tag-ze-lopes"},"share_on_mastodon":{"url":"https:\/\/pubeurope.com\/@pt\/115491392973577170","error":""},"_links":{"self":[{"href":"https:\/\/www.europesays.com\/pt\/wp-json\/wp\/v2\/posts\/139195","targetHints":{"allow":["GET"]}}],"collection":[{"href":"https:\/\/www.europesays.com\/pt\/wp-json\/wp\/v2\/posts"}],"about":[{"href":"https:\/\/www.europesays.com\/pt\/wp-json\/wp\/v2\/types\/post"}],"author":[{"embeddable":true,"href":"https:\/\/www.europesays.com\/pt\/wp-json\/wp\/v2\/users\/2"}],"replies":[{"embeddable":true,"href":"https:\/\/www.europesays.com\/pt\/wp-json\/wp\/v2\/comments?post=139195"}],"version-history":[{"count":0,"href":"https:\/\/www.europesays.com\/pt\/wp-json\/wp\/v2\/posts\/139195\/revisions"}],"wp:featuredmedia":[{"embeddable":true,"href":"https:\/\/www.europesays.com\/pt\/wp-json\/wp\/v2\/media\/139196"}],"wp:attachment":[{"href":"https:\/\/www.europesays.com\/pt\/wp-json\/wp\/v2\/media?parent=139195"}],"wp:term":[{"taxonomy":"category","embeddable":true,"href":"https:\/\/www.europesays.com\/pt\/wp-json\/wp\/v2\/categories?post=139195"},{"taxonomy":"post_tag","embeddable":true,"href":"https:\/\/www.europesays.com\/pt\/wp-json\/wp\/v2\/tags?post=139195"}],"curies":[{"name":"wp","href":"https:\/\/api.w.org\/{rel}","templated":true}]}}