{"id":139197,"date":"2025-11-04T12:25:07","date_gmt":"2025-11-04T12:25:07","guid":{"rendered":"https:\/\/www.europesays.com\/pt\/139197\/"},"modified":"2025-11-04T12:25:07","modified_gmt":"2025-11-04T12:25:07","slug":"morreu-o-antigo-vice-presidente-dos-estados-unidos-dick-cheney","status":"publish","type":"post","link":"https:\/\/www.europesays.com\/pt\/139197\/","title":{"rendered":"Morreu o antigo vice-presidente dos Estados Unidos Dick Cheney"},"content":{"rendered":"<p>&#13;<br \/>\n(em atualiza\u00e7\u00e3o)&#13;\n<\/p>\n<p>&#13;<br \/>\nCheney morreu na noite de segunda-feira devido a complica\u00e7\u00f5es de uma pneumonia e problemas card\u00edacos e vasculares, segundo um comunicado da fam\u00edlia.&#13;\n<\/p>\n<p><b>O republicano \u2013 antigo congressista pelo Wyoming e ex-secret\u00e1rio da Defesa \u2013 j\u00e1 era uma figura importante em Washington quando o ent\u00e3o governador do Texas, George W. Bush, o escolheu como seu companheiro de candidatura nas elei\u00e7\u00f5es presidenciais de 2000, que Bush venceu.<\/b><\/p>\n<p>Enquanto vice-presidente de 2001 a 2009, Cheney lutou vigorosamente pela expans\u00e3o dos poderes da presid\u00eancia, por acreditar que estes estavam a ser enfraquecidos desde o esc\u00e2ndalo Watergate, que levou \u00e0 demiss\u00e3o do seu antigo chefe, Richard Nixon. Alargou tamb\u00e9m a influ\u00eancia do gabinete do vice-presidente ao reunir uma equipa de seguran\u00e7a nacional que funcionava frequentemente como um centro de poder pr\u00f3prio dentro do governo.<\/p>\n<p>Durante d\u00e9cadas, Cheney foi uma figura influente e controversa em Washington. <b>Nos seus \u00faltimos anos, contudo, o antigo vice-presidente, ainda um conservador linha-dura, acabou a ser amplamente ostracizado pelo seu partido devido \u00e0s suas intensas cr\u00edticas ao presidente Donald Trump, a quem chamou de &#8220;cobarde&#8221; e a maior amea\u00e7a de sempre \u00e0 rep\u00fablica.&#13;<br \/>\n<\/b>&#13;\n<\/p>\n<p>&#8220;Nos 248 anos de hist\u00f3ria da nossa na\u00e7\u00e3o, nunca houve um indiv\u00edduo que representasse uma amea\u00e7a maior \u00e0 nossa rep\u00fablica do que Donald Trump&#8221;, disse Cheney, o homem que durante muito tempo foi um inimigo da esquerda mas que nas \u00faltimas elei\u00e7\u00f5es votou pela candidata democrata, Kamala Harris. Cheney ficou conhecido como o principal arquiteto da \u201cguerra ao terror\u201d, depois de ter incentivado a guerra do Iraque, em mar\u00e7o de 2003, com base em premissas equivocadas sobre o alegado arsenal de armas de destrui\u00e7\u00e3o maci\u00e7a na posse de Bagdad. Nenhuma arma deste tipo foi encontrada.<\/p>\n<p>&#13;<br \/>\nNa prepara\u00e7\u00e3o para a guerra, Cheney sugeriu que poderia haver liga\u00e7\u00f5es entre o Iraque e a Al-Qaeda e os ataques de 11 de setembro de 2001 aos Estados Unidos. Uma comiss\u00e3o sobre os ataques de 11 de setembro desacreditou posteriormente esta teoria.&#13;\n<\/p>\n<p>&#13;<br \/>\nCheney sofreu grande parte da sua vida com problemas card\u00edacos, tendo sofrido o primeiro de uma s\u00e9rie de ataques card\u00edacos aos 37 anos. Foi submetido a um transplante de cora\u00e7\u00e3o em 2012.&#13;\n<\/p>\n<p>&#13;<br \/>\nc\/ag\u00eancias&#13;<\/p>\n","protected":false},"excerpt":{"rendered":"&#13; (em atualiza\u00e7\u00e3o)&#13; &#13; Cheney morreu na noite de segunda-feira devido a complica\u00e7\u00f5es de uma pneumonia e problemas&hellip;\n","protected":false},"author":2,"featured_media":139198,"comment_status":"","ping_status":"","sticky":false,"template":"","format":"standard","meta":{"footnotes":""},"categories":[50],"tags":[15994,27,28,31023,235,15,16,31024,830,14,22969,25,26,21,22,62,12,13,19,20,23,24,17,18,29,30,31,22995,63,64,65],"class_list":{"0":"post-139197","1":"post","2":"type-post","3":"status-publish","4":"format-standard","5":"has-post-thumbnail","7":"category-mundo","8":"tag-administracao","9":"tag-breaking-news","10":"tag-breakingnews","11":"tag-dick-cheney","12":"tag-estados-unidos","13":"tag-featured-news","14":"tag-featurednews","15":"tag-george-w-bush","16":"tag-guerra","17":"tag-headlines","18":"tag-iraque","19":"tag-latest-news","20":"tag-latestnews","21":"tag-main-news","22":"tag-mainnews","23":"tag-mundo","24":"tag-news","25":"tag-noticias","26":"tag-noticias-principais","27":"tag-noticiasprincipais","28":"tag-principais-noticias","29":"tag-principaisnoticias","30":"tag-top-stories","31":"tag-topstories","32":"tag-ultimas","33":"tag-ultimas-noticias","34":"tag-ultimasnoticias","35":"tag-vice-presidente","36":"tag-world","37":"tag-world-news","38":"tag-worldnews"},"share_on_mastodon":{"url":"https:\/\/pubeurope.com\/@pt\/115491420469578697","error":""},"_links":{"self":[{"href":"https:\/\/www.europesays.com\/pt\/wp-json\/wp\/v2\/posts\/139197","targetHints":{"allow":["GET"]}}],"collection":[{"href":"https:\/\/www.europesays.com\/pt\/wp-json\/wp\/v2\/posts"}],"about":[{"href":"https:\/\/www.europesays.com\/pt\/wp-json\/wp\/v2\/types\/post"}],"author":[{"embeddable":true,"href":"https:\/\/www.europesays.com\/pt\/wp-json\/wp\/v2\/users\/2"}],"replies":[{"embeddable":true,"href":"https:\/\/www.europesays.com\/pt\/wp-json\/wp\/v2\/comments?post=139197"}],"version-history":[{"count":0,"href":"https:\/\/www.europesays.com\/pt\/wp-json\/wp\/v2\/posts\/139197\/revisions"}],"wp:featuredmedia":[{"embeddable":true,"href":"https:\/\/www.europesays.com\/pt\/wp-json\/wp\/v2\/media\/139198"}],"wp:attachment":[{"href":"https:\/\/www.europesays.com\/pt\/wp-json\/wp\/v2\/media?parent=139197"}],"wp:term":[{"taxonomy":"category","embeddable":true,"href":"https:\/\/www.europesays.com\/pt\/wp-json\/wp\/v2\/categories?post=139197"},{"taxonomy":"post_tag","embeddable":true,"href":"https:\/\/www.europesays.com\/pt\/wp-json\/wp\/v2\/tags?post=139197"}],"curies":[{"name":"wp","href":"https:\/\/api.w.org\/{rel}","templated":true}]}}