{"id":139199,"date":"2025-11-04T12:28:14","date_gmt":"2025-11-04T12:28:14","guid":{"rendered":"https:\/\/www.europesays.com\/pt\/139199\/"},"modified":"2025-11-04T12:28:14","modified_gmt":"2025-11-04T12:28:14","slug":"ticiane-pinheiro-celebra-estreia-de-cesar-tralli-no-jn-para-sempre-na-nossa-memoria","status":"publish","type":"post","link":"https:\/\/www.europesays.com\/pt\/139199\/","title":{"rendered":"Ticiane Pinheiro celebra estreia de C\u00e9sar Tralli no JN: &#8216;Para sempre na nossa mem\u00f3ria&#8217;"},"content":{"rendered":"<p><a href=\"https:\/\/caras.com.br\/tags\/ticiane-pinheiro_1\" target=\"_blank\" rel=\"noopener nofollow\"><strong>Ticiane Pinheiro<\/strong><\/a> usou as redes sociais para celebrar um momento marcante na carreira do marido,\u00a0<a href=\"https:\/\/caras.com.br\/tags\/cesar-tralli\" target=\"_blank\" rel=\"noopener nofollow\"><strong>C\u00e9sar Tralli<\/strong><\/a>. Nesta segunda-feira, 3, ele estreia como o novo \u00e2ncora do\u00a0Jornal Nacional ao lado de\u00a0<strong>Renata Vasconcellos<\/strong>. O jornalista assume o lugar de\u00a0<strong>William Bonner<\/strong>, que deixou a bancada ap\u00f3s 29 anos.<\/p>\n<p>Em seu perfil oficial, a apresentadora da Record TV compartilhou uma foto em que a fam\u00edlia aparece reunida no est\u00fadio do telejornal. O registro foi feito na \u00faltima sexta-feira, 31, <a href=\"https:\/\/caras.com.br\/tv\/e-oficial-william-bonner-se-despede-do-jn-e-cesar-tralli-asume-a-bancada.phtml\" target=\"_blank\" rel=\"noopener nofollow\">quando Bonner passou o bast\u00e3o para Tralli<\/a>. Na imagem, Tralli aparece sorridente ao lado de Tici, da\u00a0filha deles, <strong>Manuella<\/strong>, de seis anos, da enteada, <strong>Rafaella Justus<\/strong>, de 16.<\/p>\n<p>Na legenda, a loira n\u00e3o escondeu a felicidade ao acompanhar a estreia do amado.\u00a0\u201c03\/11\/2025. Um dia que vai ficar pra sempre na nossa mem\u00f3ria e nos nossos cora\u00e7\u00f5es! A estreia do C\u00e9sar na bancada do Jornal Nacional. Que orgulho e que emo\u00e7\u00e3o! Arrebenta, meu amor. Estamos todos aqui, grudados na TV, aplaudindo, torcendo e vibrando com voc\u00ea! Te amamos demais!\u201d, declarou ela, que nos Stories postou o primeiro \u2018boa noite\u2019 do jornalista.\u00a0\u201cO primeiro Boa Noite do meu amor na estreia do JN\u201d, escreveu.<\/p>\n<p>Mais cedo, <a href=\"https:\/\/caras.com.br\/atualidades\/cesar-tralli-ganha-surpresa-de-ticiane-pinheiro-em-dia-de-estreia-no-jn-vida.phtml\" target=\"_blank\" rel=\"noopener nofollow\">Ticiane Pinheiro surpreendeu C\u00e9sar Tralli<\/a> no Rio de Janeiro. Ap\u00f3s retornar para S\u00e3o Paulo, ela enviou uma bela cesta de caf\u00e9 da manh\u00e3, al\u00e9m de uma carta desejando um \u00f3timo in\u00edcio de novo ciclo na carreira profissional do amado.<\/p>\n<p>\u201cVida, que sua estreia seja rodeada de amor, sucesso e leveza! Arrebenta! Te amo muito. Se alimenta bem, porque o dia vai ser corrido. Beijos, Tici\u201d, dizia o bilhete da apresentadora. \u201cMuito obrigado, meu amor! Te amo\u201d, retribuiu o jornalista, agradecendo a surpresa da amada.<\/p>\n<p><strong>Confira:<\/strong><\/p>\n<blockquote class=\"instagram-media\" style=\"background: #FFF; border: 0; border-radius: 3px; box-shadow: 0 0 1px 0 rgba(0,0,0,0.5),0 1px 10px 0 rgba(0,0,0,0.15); margin: 1px; max-width: 540px; min-width: 326px; padding: 0; width: calc(100% - 2px);\" data-instgrm-permalink=\"https:\/\/www.instagram.com\/p\/DQnMAr9Dvq_\/?utm_source=ig_embed&amp;utm_campaign=loading\" data-instgrm-version=\"14\"><\/blockquote>\n<p>  <img loading=\"lazy\" decoding=\"async\" class=\"size-full wp-image-1026389 img-fluid lazy\" alt=\"Ticiane Pinheiro celebra estreia de C\u00e9sar Tralli\" width=\"500\" height=\"627\" src=\"https:\/\/www.europesays.com\/pt\/wp-content\/uploads\/2025\/11\/ticiane-pinheiro-celebraestreia-de-cesar-tralli-no-jn.jpg\"  \/>Ticiane Pinheiro celebra estreia de C\u00e9sar Tralli no Jornal Nacional \u2013 Foto: Instagram  <\/p>\n<p>Na noite deste domingo, 2, C\u00e9sar Tralli encantou os seguidores ao compartilhar um registro com a filha, Manuella Tralli, de 6 anos, na bancada do Jornal Nacional. Em suas redes sociais, ele revelou os bastidores da foto com a herdeira no est\u00fadio do telejornal. \u201cBoa Noite, Bom Come\u00e7o de semana e at\u00e9 amanh\u00e3! Bastidor da foto: \u2013 Papai, posso sentar na cadeira da tia Renata? \u2013 Pode sim, filha. \u2013 Ela n\u00e3o vai ficar brava? Claro que n\u00e3o. Ela est\u00e1 muito feliz que voc\u00ea est\u00e1 aqui! \u2013 Ahhh, t\u00e1 bom. (Fofa demais\u2026)\u201d, escreveu Tralli na legenda da postagem. <a href=\"https:\/\/caras.com.br\/tv\/cesar-tralli-revela-pedido-da-filha-na-bancada-do-jornal-nacional-fofa-demais.phtml\" target=\"_blank\" rel=\"noopener nofollow\"><strong>Veja!<\/strong><\/a><\/p>\n<p><strong>Leia tamb\u00e9m:<\/strong> <a href=\"https:\/\/caras.com.br\/tv\/cesar-tralli-recebe-presente-especial-de-renata-vasconcellos.phtml\" target=\"_blank\" rel=\"noopener nofollow\">C\u00e9sar Tralli recebe presente especial de Renata Vasconcellos<\/a><\/p>\n<p>        <a href=\"https:\/\/caras.com.br\/autor\/daniela-santos\" rel=\"nofollow noopener\" target=\"_blank\">&#13;<br \/>\n          <img loading=\"lazy\" decoding=\"async\" alt=\"Daniela Santos\" src=\"https:\/\/www.europesays.com\/pt\/wp-content\/uploads\/2025\/09\/1758949148_187_daniela-santos_sqmd.jpg\" class=\"avatar avatar-115 photo rounded-circle\" height=\"115\" width=\"115\"\/>        <\/a><\/p>\n<p><b>Daniela Santos<\/b> \u00e9 rep\u00f3rter do site CARAS. Formada em jornalismo pela FIAM FAAM, atua na \u00e1rea de celebridades e TV desde 2018<\/p>\n<p>\t                                            <script async src=\"\/\/www.instagram.com\/embed.js\"><\/script><\/p>\n","protected":false},"excerpt":{"rendered":"Ticiane Pinheiro usou as redes sociais para celebrar um momento marcante na carreira do marido,\u00a0C\u00e9sar Tralli. Nesta segunda-feira,&hellip;\n","protected":false},"author":2,"featured_media":139200,"comment_status":"","ping_status":"","sticky":false,"template":"","format":"standard","meta":{"footnotes":""},"categories":[145],"tags":[211,210,4557,114,115,4734,753,2515,32,33,4787],"class_list":{"0":"post-139199","1":"post","2":"type-post","3":"status-publish","4":"format-standard","5":"has-post-thumbnail","7":"category-celebridades","8":"tag-celebridades","9":"tag-celebrities","10":"tag-cesar-tralli","11":"tag-entertainment","12":"tag-entretenimento","13":"tag-estreia","14":"tag-globo","15":"tag-jornal-nacional","16":"tag-portugal","17":"tag-pt","18":"tag-ticiane-pinheiro"},"share_on_mastodon":{"url":"https:\/\/pubeurope.com\/@pt\/115491432493374800","error":""},"_links":{"self":[{"href":"https:\/\/www.europesays.com\/pt\/wp-json\/wp\/v2\/posts\/139199","targetHints":{"allow":["GET"]}}],"collection":[{"href":"https:\/\/www.europesays.com\/pt\/wp-json\/wp\/v2\/posts"}],"about":[{"href":"https:\/\/www.europesays.com\/pt\/wp-json\/wp\/v2\/types\/post"}],"author":[{"embeddable":true,"href":"https:\/\/www.europesays.com\/pt\/wp-json\/wp\/v2\/users\/2"}],"replies":[{"embeddable":true,"href":"https:\/\/www.europesays.com\/pt\/wp-json\/wp\/v2\/comments?post=139199"}],"version-history":[{"count":0,"href":"https:\/\/www.europesays.com\/pt\/wp-json\/wp\/v2\/posts\/139199\/revisions"}],"wp:featuredmedia":[{"embeddable":true,"href":"https:\/\/www.europesays.com\/pt\/wp-json\/wp\/v2\/media\/139200"}],"wp:attachment":[{"href":"https:\/\/www.europesays.com\/pt\/wp-json\/wp\/v2\/media?parent=139199"}],"wp:term":[{"taxonomy":"category","embeddable":true,"href":"https:\/\/www.europesays.com\/pt\/wp-json\/wp\/v2\/categories?post=139199"},{"taxonomy":"post_tag","embeddable":true,"href":"https:\/\/www.europesays.com\/pt\/wp-json\/wp\/v2\/tags?post=139199"}],"curies":[{"name":"wp","href":"https:\/\/api.w.org\/{rel}","templated":true}]}}