{"id":139203,"date":"2025-11-04T12:34:07","date_gmt":"2025-11-04T12:34:07","guid":{"rendered":"https:\/\/www.europesays.com\/pt\/139203\/"},"modified":"2025-11-04T12:34:07","modified_gmt":"2025-11-04T12:34:07","slug":"selecao-vai-usar-equipamento-em-homenagem-a-eusebio","status":"publish","type":"post","link":"https:\/\/www.europesays.com\/pt\/139203\/","title":{"rendered":"Sele\u00e7\u00e3o vai usar equipamento em homenagem a Eus\u00e9bio"},"content":{"rendered":"<p data-remotead-prev-elm=\"true\" data-remotead-elm-id=\"inread\">A Federa\u00e7\u00e3o Portuguesa de Futebol (FPF) anunciou, esta ter\u00e7a-feira, um equipamento especial em tons preto e dourado para celebrar Eus\u00e9bio, numa colabora\u00e7\u00e3o com a PUMA. A pe\u00e7a ser\u00e1 personalizada e trar\u00e1 tanto \u00e0 frente com atr\u00e1s o n\u00famero 13 que o lend\u00e1rio avan\u00e7ado usou ao servi\u00e7o das Quinas.<\/p>\n<p>A camisola vai ser utilizada pela sele\u00e7\u00e3o nacional apenas no jogo frente \u00e0 Arm\u00e9nia, a 16 de novembro, no Est\u00e1dio do Drag\u00e3o. A data \u00e9 simb\u00f3lica e marca os 60 anos da conquista da Bola de Ouro, de 1965, por parte de Eus\u00e9bio.<\/p>\n<p>&#8220;Eus\u00e9bio h\u00e1 s\u00f3 um. Percebe-se nas hist\u00f3rias, v\u00ea-se nos v\u00eddeos, sente-se pela forma como os jogadores ainda procuram imitar os seus movimentos. Sessenta anos depois de se tornar o primeiro jogador portugu\u00eas a ser coroado como melhor da Europa, a cole\u00e7\u00e3o Puma King leva o seu legado adiante, em preto e dourado, assinada pelas duas palavras que faziam tremer os defesas advers\u00e1rios: Pantera Negra&#8221;, pode ler-se no site oficial da FPF.<\/p>\n","protected":false},"excerpt":{"rendered":"A Federa\u00e7\u00e3o Portuguesa de Futebol (FPF) anunciou, esta ter\u00e7a-feira, um equipamento especial em tons preto e dourado para&hellip;\n","protected":false},"author":2,"featured_media":139204,"comment_status":"","ping_status":"","sticky":false,"template":"","format":"standard","meta":{"footnotes":""},"categories":[87],"tags":[135,31025,32,33,134],"class_list":{"0":"post-139203","1":"post","2":"type-post","3":"status-publish","4":"format-standard","5":"has-post-thumbnail","7":"category-desporto","8":"tag-desporto","9":"tag-eusebio","10":"tag-portugal","11":"tag-pt","12":"tag-sports"},"share_on_mastodon":{"url":"https:\/\/pubeurope.com\/@pt\/115491455908591371","error":""},"_links":{"self":[{"href":"https:\/\/www.europesays.com\/pt\/wp-json\/wp\/v2\/posts\/139203","targetHints":{"allow":["GET"]}}],"collection":[{"href":"https:\/\/www.europesays.com\/pt\/wp-json\/wp\/v2\/posts"}],"about":[{"href":"https:\/\/www.europesays.com\/pt\/wp-json\/wp\/v2\/types\/post"}],"author":[{"embeddable":true,"href":"https:\/\/www.europesays.com\/pt\/wp-json\/wp\/v2\/users\/2"}],"replies":[{"embeddable":true,"href":"https:\/\/www.europesays.com\/pt\/wp-json\/wp\/v2\/comments?post=139203"}],"version-history":[{"count":0,"href":"https:\/\/www.europesays.com\/pt\/wp-json\/wp\/v2\/posts\/139203\/revisions"}],"wp:featuredmedia":[{"embeddable":true,"href":"https:\/\/www.europesays.com\/pt\/wp-json\/wp\/v2\/media\/139204"}],"wp:attachment":[{"href":"https:\/\/www.europesays.com\/pt\/wp-json\/wp\/v2\/media?parent=139203"}],"wp:term":[{"taxonomy":"category","embeddable":true,"href":"https:\/\/www.europesays.com\/pt\/wp-json\/wp\/v2\/categories?post=139203"},{"taxonomy":"post_tag","embeddable":true,"href":"https:\/\/www.europesays.com\/pt\/wp-json\/wp\/v2\/tags?post=139203"}],"curies":[{"name":"wp","href":"https:\/\/api.w.org\/{rel}","templated":true}]}}