{"id":139209,"date":"2025-11-04T12:39:08","date_gmt":"2025-11-04T12:39:08","guid":{"rendered":"https:\/\/www.europesays.com\/pt\/139209\/"},"modified":"2025-11-04T12:39:08","modified_gmt":"2025-11-04T12:39:08","slug":"ataque-em-massa-da-russia-abate-se-sobre-infraestruturas-de-odessa","status":"publish","type":"post","link":"https:\/\/www.europesays.com\/pt\/139209\/","title":{"rendered":"Ataque em massa da R\u00fassia abate-se sobre infraestruturas de Odessa"},"content":{"rendered":"<p>&#13;<br \/>\n<b>&#8220;Apesar do trabalho ativo das for\u00e7as de defesa a\u00e9rea, que destru\u00edram a maioria dos alvos inimigos, houve impactos nas instala\u00e7\u00f5es portu\u00e1rias e de energia civis&#8221;, escreveu o governador de Odessa, Oleh Kipe, na rede social Telegram.<\/b>&#13;\n<\/p>\n<p>Segundo o governador, os socorristas extinguiram rapidamente os inc\u00eandios e n\u00e3o h\u00e1 v\u00edtimas a registar.<\/p>\n<p>A mesma fonte informou que v\u00e1rias estradas, instala\u00e7\u00f5es de produ\u00e7\u00e3o de energia e outros equipamentos coletivos ficaram danificados, sem adiantar mais pormenores.<br \/>&#13;<br \/>\n<b><br \/>&#13;<br \/>\nA R\u00fassia tem intensificado os seus ataques contra a rede el\u00e9trica ucraniana, argumentando que esta infraestrutura \u00e9 um alvo leg\u00edtimo por auxiliar o esfor\u00e7o de guerra ucraniano.<\/b> No domingo, quase 60 mil pessoas ficaram sem energia el\u00e9trica ap\u00f3s um ataque a\u00e9reo russo noturno \u00e0 regi\u00e3o de Zaporizhzhia.<\/p>\n<p>Em resposta, Kiev tem igualmente intensificado os ataques com drones contra a infraestrutura energ\u00e9tica russa, atingindo refinarias de petr\u00f3leo, dep\u00f3sitos e centros log\u00edsticos que, segundo o Governo russo, alimentam a m\u00e1quina de guerra do Kremlin.<\/p>\n<p><b>Moscovo classifica os ataques como terrorismo, mas a Ucr\u00e2nia argumenta que se trata de leg\u00edtima defesa na guerra iniciada pela R\u00fassia em fevereiro de 2022.<\/b><\/p>\n<p>As negocia\u00e7\u00f5es para um cessar-fogo t\u00eam estado paralisadas, apesar dos esfor\u00e7os do presidente norte-americano, Donald Trump, para um fim do conflito. A R\u00fassia rejeitou at\u00e9 agora qualquer cessar-fogo e exigiu que a Ucr\u00e2nia lhe ceda pelo menos quatro regi\u00f5es &#8211; Donetsk, Lugansk, Kherson e Zaporizhzhia &#8211; al\u00e9m da pen\u00ednsula da Crimeia, anexada em 2014, e renunciando para sempre aderir \u00e0 NATO.<\/p>\n<p>Estas condi\u00e7\u00f5es s\u00e3o consideradas inaceit\u00e1veis pela Ucr\u00e2nia, que, juntamente com os aliados europeus, exigiu uma tr\u00e9gua incondicional de 30 dias antes de quaisquer negocia\u00e7\u00f5es de Paz com Moscovo.<\/p>\n<p>&#13;<br \/>\nPor seu lado, o Kremlin considerou que aceitar tal oferta permitiria \u00e0s for\u00e7as comandadas por Kiev, em dificuldades na frente de batalha, rearmar-se, gra\u00e7as aos abastecimentos militares ocidentais.&#13;\n<\/p>\n<p>&#13;<br \/>\nc\/ ag\u00eancias&#13;<\/p>\n","protected":false},"excerpt":{"rendered":"&#13; &#8220;Apesar do trabalho ativo das for\u00e7as de defesa a\u00e9rea, que destru\u00edram a maioria dos alvos inimigos, houve&hellip;\n","protected":false},"author":2,"featured_media":139210,"comment_status":"","ping_status":"","sticky":false,"template":"","format":"standard","meta":{"footnotes":""},"categories":[50],"tags":[27,28,15,16,14,25,26,21,22,62,12,13,19,20,28162,23,24,839,17,18,840,29,30,31,63,64,65],"class_list":{"0":"post-139209","1":"post","2":"type-post","3":"status-publish","4":"format-standard","5":"has-post-thumbnail","7":"category-mundo","8":"tag-breaking-news","9":"tag-breakingnews","10":"tag-featured-news","11":"tag-featurednews","12":"tag-headlines","13":"tag-latest-news","14":"tag-latestnews","15":"tag-main-news","16":"tag-mainnews","17":"tag-mundo","18":"tag-news","19":"tag-noticias","20":"tag-noticias-principais","21":"tag-noticiasprincipais","22":"tag-odessa","23":"tag-principais-noticias","24":"tag-principaisnoticias","25":"tag-russia","26":"tag-top-stories","27":"tag-topstories","28":"tag-ucrania","29":"tag-ultimas","30":"tag-ultimas-noticias","31":"tag-ultimasnoticias","32":"tag-world","33":"tag-world-news","34":"tag-worldnews"},"share_on_mastodon":{"url":"https:\/\/pubeurope.com\/@pt\/115491475515491152","error":""},"_links":{"self":[{"href":"https:\/\/www.europesays.com\/pt\/wp-json\/wp\/v2\/posts\/139209","targetHints":{"allow":["GET"]}}],"collection":[{"href":"https:\/\/www.europesays.com\/pt\/wp-json\/wp\/v2\/posts"}],"about":[{"href":"https:\/\/www.europesays.com\/pt\/wp-json\/wp\/v2\/types\/post"}],"author":[{"embeddable":true,"href":"https:\/\/www.europesays.com\/pt\/wp-json\/wp\/v2\/users\/2"}],"replies":[{"embeddable":true,"href":"https:\/\/www.europesays.com\/pt\/wp-json\/wp\/v2\/comments?post=139209"}],"version-history":[{"count":0,"href":"https:\/\/www.europesays.com\/pt\/wp-json\/wp\/v2\/posts\/139209\/revisions"}],"wp:featuredmedia":[{"embeddable":true,"href":"https:\/\/www.europesays.com\/pt\/wp-json\/wp\/v2\/media\/139210"}],"wp:attachment":[{"href":"https:\/\/www.europesays.com\/pt\/wp-json\/wp\/v2\/media?parent=139209"}],"wp:term":[{"taxonomy":"category","embeddable":true,"href":"https:\/\/www.europesays.com\/pt\/wp-json\/wp\/v2\/categories?post=139209"},{"taxonomy":"post_tag","embeddable":true,"href":"https:\/\/www.europesays.com\/pt\/wp-json\/wp\/v2\/tags?post=139209"}],"curies":[{"name":"wp","href":"https:\/\/api.w.org\/{rel}","templated":true}]}}