{"id":139213,"date":"2025-11-04T12:45:22","date_gmt":"2025-11-04T12:45:22","guid":{"rendered":"https:\/\/www.europesays.com\/pt\/139213\/"},"modified":"2025-11-04T12:45:22","modified_gmt":"2025-11-04T12:45:22","slug":"a-viagem-tem-4a-maior-audiencia-na-globo-entre-reprises-da-decada-veja-o-ranking","status":"publish","type":"post","link":"https:\/\/www.europesays.com\/pt\/139213\/","title":{"rendered":"A Viagem tem 4\u00aa maior audi\u00eancia na Globo entre reprises da d\u00e9cada; veja o ranking"},"content":{"rendered":"<p>A m\u00e9dia de audi\u00eancia da reprise de <a href=\"https:\/\/natelinha.uol.com.br\/novelas\/a-viagem\" rel=\"nofollow noopener\" target=\"_blank\">A Viagem<\/a>\u00a0(1994) no Vale a Pena Ver de Novo, que termina nesta semana, supera as antecessoras na faixa vespertina. O atual cartaz da Globo empata com <a href=\"https:\/\/natelinha.uol.com.br\/novelas\/alma-gemea\" rel=\"nofollow noopener\" target=\"_blank\">Alma G\u00eamea<\/a> (2005), reapresentada no ano passado e tamb\u00e9m com uma trama focada na doutrina esp\u00edrita.<\/p>\n<p>continua depois da publicidade<\/p>\n<p>At\u00e9 o momento, A Viagem tem m\u00e9dia de 16,8 pontos, segundo dados do Kantar Ibope na Grande S\u00e3o Paulo, que serve de refer\u00eancia para o mercado publicit\u00e1rio em todo o pa\u00eds. O \u00edndice \u00e9 o mesmo de Alma G\u00eamea, que foi ao ar entre abril e dezembro do ano passado.<\/p>\n<p>+ <a href=\"https:\/\/natelinha.uol.com.br\/novelas\/2025\/11\/03\/final-de-a-viagem-dona-maroca-morre-e-reencontra-dina-ate-que-enfim-233419.php\" rel=\"nofollow noopener\" target=\"_blank\">Final de A Viagem: Dona Maroca morre e reencontra Din\u00e1: &#8220;At\u00e9 que enfim&#8221;<\/a><\/p>\n<p><img decoding=\"async\" loading=\"lazy\" class=\"horizontal\" src=\"https:\/\/www.europesays.com\/pt\/wp-content\/uploads\/2025\/11\/globo-tieta-e-alma-gemea-no-vale-a-pena-ver-de-novo_1996.jpeg\" alt=\"Tieta e Alma G\u00eamea\"\/><br \/>\nTieta e Alma G\u00eamea passaram antes de A Viagem no Vale a Pena Ver de Novo &#8211; Foto: Divulga\u00e7\u00e3o\/Globo<\/p>\n<p>O n\u00famero \u00e9 maior que o de <a href=\"https:\/\/natelinha.uol.com.br\/novelas\/tieta\" rel=\"nofollow noopener\" target=\"_blank\">Tieta<\/a> (1989), reprisada entre dezembro de 2024 e maio de 2025, com m\u00e9dia de 15,8.<\/p>\n<p>Consideradas mais antigas para os padr\u00f5es do Vale a Pena Ver de Novo, Tieta e A Viagem est\u00e3o \u00e0 frente de grandes sucessos dos anos 2000, como O Clone (2001), Mulheres Apaixonadas (2003) e A Favorita (2008).<\/p>\n<p>continua depois da publicidade<\/p>\n<p>As maiores audi\u00eancias do Vale a Pena Ver de Novo desde 2020 seguem sendo \u00cata Mundo Bom! (2016) e La\u00e7os de Fam\u00edlia (2000), reexibidas em 2020, no auge da quarentena ocasionada pela pandemia da Covid-19. No per\u00edodo, os n\u00fameros de audi\u00eancia \u00e0 tarde eram maiores.<\/p>\n<p>A partir desta semana, a Globo reprisa <a href=\"https:\/\/natelinha.uol.com.br\/novelas\/rainha-da-sucata\" rel=\"nofollow noopener\" target=\"_blank\">Rainha da Sucata<\/a> (1990). Os primeiros cap\u00edtulos da trama dividem a grade vespertina com a reta final de A Viagem, que chega ao fim na sexta-feira (7).<\/p>\n<p>+ <a href=\"https:\/\/natelinha.uol.com.br\/famosos\/2025\/11\/03\/laurinha-em-rainha-da-sucata-como-gloria-menezes-esta-hoje-aos-91-anos-233415.php\" rel=\"nofollow noopener\" target=\"_blank\">Laurinha em Rainha da Sucata: Como Gl\u00f3ria Menezes est\u00e1 hoje, aos 91 anos?<\/a><\/p>\n<p>continua depois da publicidade<\/p>\n<p>+ <a href=\"https:\/\/natelinha.uol.com.br\/famosos\/2025\/11\/03\/quais-atores-de-rainha-da-sucata-ja-morreram-veja-a-lista-233319.php\" rel=\"nofollow noopener\" target=\"_blank\">Quais atores de Rainha da Sucata j\u00e1 morreram? Veja a lista<\/a><\/p>\n<p><img decoding=\"async\" loading=\"lazy\" class=\"horizontal\" src=\"https:\/\/www.europesays.com\/pt\/wp-content\/uploads\/2025\/11\/eta-mundo-bom-novelas-continuacao-reproducao_3487.jpeg\" alt=\"\u00cata Mundo Bom\"\/><br \/>\n\u00cata Mundo Bom! \u00e9 a campe\u00e3 de audi\u00eancia no Vale a Pena Ver de Novo nesta d\u00e9cada &#8211; Foto: Divulga\u00e7\u00e3o\/Globo<\/p>\n<p>Veja o ranking de audi\u00eancia do Vale a Pena Ver de Novo desde 2020:<\/p>\n<blockquote>\n<p class=\"cit\">\u00cata Mundo Bom! &#8211; 21,4<br alt=\"A Viagem tem 4\u00aa maior audi\u00eancia na Globo entre reprises da d\u00e9cada; veja o ranking\"\/>La\u00e7os de Fam\u00edlia &#8211; 18,7<br alt=\"A Viagem tem 4\u00aa maior audi\u00eancia na Globo entre reprises da d\u00e9cada; veja o ranking\"\/>O Rei do Gado &#8211; 17,1<br alt=\"A Viagem tem 4\u00aa maior audi\u00eancia na Globo entre reprises da d\u00e9cada; veja o ranking\"\/>A Viagem &#8211; 16,8 (at\u00e9 o momento)<br alt=\"A Viagem tem 4\u00aa maior audi\u00eancia na Globo entre reprises da d\u00e9cada; veja o ranking\"\/>Alma G\u00eamea &#8211; 16,8<br alt=\"A Viagem tem 4\u00aa maior audi\u00eancia na Globo entre reprises da d\u00e9cada; veja o ranking\"\/>Tieta &#8211; 15,8<br alt=\"A Viagem tem 4\u00aa maior audi\u00eancia na Globo entre reprises da d\u00e9cada; veja o ranking\"\/>A Favorita &#8211; 15,6<br alt=\"A Viagem tem 4\u00aa maior audi\u00eancia na Globo entre reprises da d\u00e9cada; veja o ranking\"\/>O Clone &#8211; 15,4<br alt=\"A Viagem tem 4\u00aa maior audi\u00eancia na Globo entre reprises da d\u00e9cada; veja o ranking\"\/>Mulheres Apaixonadas &#8211; 14,9<br alt=\"A Viagem tem 4\u00aa maior audi\u00eancia na Globo entre reprises da d\u00e9cada; veja o ranking\"\/>Ti Ti Ti &#8211; 14,5<br alt=\"A Viagem tem 4\u00aa maior audi\u00eancia na Globo entre reprises da d\u00e9cada; veja o ranking\"\/>Para\u00edso Tropical &#8211; 13,1<\/p>\n<\/blockquote>\n<p>Exibida na Globo em 1994, <a href=\"https:\/\/natelinha.uol.com.br\/novelas\/a-viagem\" rel=\"nofollow noopener\" target=\"_blank\">A Viagem<\/a> foi escrita por Ivani Ribeiro (1922-1995), com colabora\u00e7\u00e3o de Solange Castro Neves, baseada na novela hom\u00f4nima da autora, que foi ao ar na Tupi em 1975. A dire\u00e7\u00e3o \u00e9 de Ign\u00e1cio Coqueiro e Maur\u00edcio Farias, com dire\u00e7\u00e3o geral de Wolf Maya.<\/p>\n<p>O <strong>NaTelinha<\/strong> divulga todos os dias os resumos dos cap\u00edtulos, detalhes dos personagens, entrevistas exclusivas com o elenco e spoilers da novela A Viagem. <a href=\"https:\/\/natelinha.uol.com.br\/novelas\" rel=\"nofollow noopener\" target=\"_blank\">Confira!<\/a><\/p>\n<p>continua depois da publicidade<\/p>\n","protected":false},"excerpt":{"rendered":"A m\u00e9dia de audi\u00eancia da reprise de A Viagem\u00a0(1994) no Vale a Pena Ver de Novo, que termina&hellip;\n","protected":false},"author":2,"featured_media":139214,"comment_status":"","ping_status":"","sticky":false,"template":"","format":"standard","meta":{"footnotes":""},"categories":[142],"tags":[2872,14885,16300,9220,114,115,753,4596,13638,32,33,31026,151,13251,16301],"class_list":{"0":"post-139213","1":"post","2":"type-post","3":"status-publish","4":"format-standard","5":"has-post-thumbnail","7":"category-tv","8":"tag-a-viagem","9":"tag-antonio-fagundes","10":"tag-christiane-torloni","11":"tag-dina-a-viagem","12":"tag-entertainment","13":"tag-entretenimento","14":"tag-globo","15":"tag-ivani-ribeiro","16":"tag-otavio-a-viagem","17":"tag-portugal","18":"tag-pt","19":"tag-solange-castro-neves","20":"tag-tv","21":"tag-vale-a-pena-ver-de-novo","22":"tag-wolf-maya"},"share_on_mastodon":{"url":"https:\/\/pubeurope.com\/@pt\/115491499158307674","error":""},"_links":{"self":[{"href":"https:\/\/www.europesays.com\/pt\/wp-json\/wp\/v2\/posts\/139213","targetHints":{"allow":["GET"]}}],"collection":[{"href":"https:\/\/www.europesays.com\/pt\/wp-json\/wp\/v2\/posts"}],"about":[{"href":"https:\/\/www.europesays.com\/pt\/wp-json\/wp\/v2\/types\/post"}],"author":[{"embeddable":true,"href":"https:\/\/www.europesays.com\/pt\/wp-json\/wp\/v2\/users\/2"}],"replies":[{"embeddable":true,"href":"https:\/\/www.europesays.com\/pt\/wp-json\/wp\/v2\/comments?post=139213"}],"version-history":[{"count":0,"href":"https:\/\/www.europesays.com\/pt\/wp-json\/wp\/v2\/posts\/139213\/revisions"}],"wp:featuredmedia":[{"embeddable":true,"href":"https:\/\/www.europesays.com\/pt\/wp-json\/wp\/v2\/media\/139214"}],"wp:attachment":[{"href":"https:\/\/www.europesays.com\/pt\/wp-json\/wp\/v2\/media?parent=139213"}],"wp:term":[{"taxonomy":"category","embeddable":true,"href":"https:\/\/www.europesays.com\/pt\/wp-json\/wp\/v2\/categories?post=139213"},{"taxonomy":"post_tag","embeddable":true,"href":"https:\/\/www.europesays.com\/pt\/wp-json\/wp\/v2\/tags?post=139213"}],"curies":[{"name":"wp","href":"https:\/\/api.w.org\/{rel}","templated":true}]}}