{"id":139215,"date":"2025-11-04T12:48:08","date_gmt":"2025-11-04T12:48:08","guid":{"rendered":"https:\/\/www.europesays.com\/pt\/139215\/"},"modified":"2025-11-04T12:48:08","modified_gmt":"2025-11-04T12:48:08","slug":"sporting-junta-se-ao-benfica-e-acusa-fc-porto-de-tentar-condicionar-arbitro-futebol","status":"publish","type":"post","link":"https:\/\/www.europesays.com\/pt\/139215\/","title":{"rendered":"Sporting junta-se ao Benfica e acusa FC Porto de tentar condicionar \u00e1rbitro | Futebol"},"content":{"rendered":"<p>O Sporting juntou-se ao Benfica nas cr\u00edticas ao FC Porto, depois de o \u00e1rbitro F\u00e1bio Ver\u00edssimo ter acusado os &#8220;drag\u00f5es&#8221; de tentativa de intimida\u00e7\u00e3o e coac\u00e7\u00e3o. De acordo com o relat\u00f3rio do \u00e1rbitro, no intervalo do jogo entre o FC Porto e o Sp. Braga que os &#8220;drag\u00f5es&#8221; venceram por 2-1, estavam televisores no balne\u00e1rio com os lances pol\u00e9micos da primeira parte em loop. Os &#8220;le\u00f5es&#8221; avan\u00e7ar\u00e3o com uma participa\u00e7\u00e3o ao Conselho de Disciplina (CD) da Federa\u00e7\u00e3o Portuguesa de Futebol (FPF).<\/p>\n<p>&#8220;Perante <a href=\"https:\/\/www.publico.pt\/2025\/11\/03\/desporto\/noticia\/arbitro-acusa-fc-porto-tentativa-intimidacao-intervalo-frente-sp-braga-2153256\" rel=\"nofollow noopener\" target=\"_blank\">a not\u00edcia de factos <\/a>desta gravidade, suscept\u00edveis de constitu\u00edrem infrac\u00e7\u00e3o disciplinar pun\u00edvel com san\u00e7\u00e3o de desclassifica\u00e7\u00e3o ou derrota nos termos regulamentares, o Sporting CP exige que as entidades competentes actuem de forma implac\u00e1vel, apurando todas as responsabilidades e aplicando as san\u00e7\u00f5es que se imp\u00f5em, sem excep\u00e7\u00f5es nem complac\u00eancia&#8221;, pode ler-se no comunicado divulgado pelo clube de Alvalade na manh\u00e3 desta ter\u00e7a-feira.<\/p>\n<p>A par de um lance de golo anulado ao <a href=\"https:\/\/www.publico.pt\/fc-porto\" rel=\"nofollow noopener\" target=\"_blank\">FC Porto<\/a> ainda antes do intervalo, muito contestado pelos jogadores dos &#8220;drag\u00f5es&#8221; <a href=\"https:\/\/www.publico.pt\/2025\/11\/02\/desporto\/cronica_de_jogo\/fc-porto-leva-pontos-sp-braga-leva-intenso-sabor-nada-2153105\" rel=\"nofollow noopener\" target=\"_blank\">em campo<\/a>. Os televisores descritos por F\u00e1bio Ver\u00edssimo tamb\u00e9m ter\u00e3o, segundo alega o \u00e1rbitro no relat\u00f3rio, transmitido um golo do Benfica na final do Torneio da Pontinha, frente ao FC Porto, num jogo de sub-13. Este golo, id\u00eantico ao anulado por Ver\u00edssimo no Drag\u00e3o, foi validado pelo mesmo \u00e1rbitro.<\/p>\n<p>Depois de serem conhecidas as acusa\u00e7\u00f5es do \u00e1rbitro, <a href=\"https:\/\/www.publico.pt\/sl-benfica\" rel=\"nofollow noopener\" target=\"_blank\">o Benfica<\/a> foi o primeiro a reagir. As &#8220;\u00e1guias&#8221; pedem que as entidades do futebol portugu\u00eas actuem com urg\u00eancia no apuramento dos factos, exigindo uma actua\u00e7\u00e3o exemplar.<\/p>\n","protected":false},"excerpt":{"rendered":"O Sporting juntou-se ao Benfica nas cr\u00edticas ao FC Porto, depois de o \u00e1rbitro F\u00e1bio Ver\u00edssimo ter acusado&hellip;\n","protected":false},"author":2,"featured_media":139216,"comment_status":"","ping_status":"","sticky":false,"template":"","format":"standard","meta":{"footnotes":""},"categories":[87],"tags":[135,282,524,280,281,32,33,34,134],"class_list":{"0":"post-139215","1":"post","2":"type-post","3":"status-publish","4":"format-standard","5":"has-post-thumbnail","7":"category-desporto","8":"tag-desporto","9":"tag-fc-porto","10":"tag-futebol","11":"tag-futebol-nacional","12":"tag-i-liga","13":"tag-portugal","14":"tag-pt","15":"tag-sporting","16":"tag-sports"},"share_on_mastodon":{"url":"https:\/\/pubeurope.com\/@pt\/115491511516831726","error":""},"_links":{"self":[{"href":"https:\/\/www.europesays.com\/pt\/wp-json\/wp\/v2\/posts\/139215","targetHints":{"allow":["GET"]}}],"collection":[{"href":"https:\/\/www.europesays.com\/pt\/wp-json\/wp\/v2\/posts"}],"about":[{"href":"https:\/\/www.europesays.com\/pt\/wp-json\/wp\/v2\/types\/post"}],"author":[{"embeddable":true,"href":"https:\/\/www.europesays.com\/pt\/wp-json\/wp\/v2\/users\/2"}],"replies":[{"embeddable":true,"href":"https:\/\/www.europesays.com\/pt\/wp-json\/wp\/v2\/comments?post=139215"}],"version-history":[{"count":0,"href":"https:\/\/www.europesays.com\/pt\/wp-json\/wp\/v2\/posts\/139215\/revisions"}],"wp:featuredmedia":[{"embeddable":true,"href":"https:\/\/www.europesays.com\/pt\/wp-json\/wp\/v2\/media\/139216"}],"wp:attachment":[{"href":"https:\/\/www.europesays.com\/pt\/wp-json\/wp\/v2\/media?parent=139215"}],"wp:term":[{"taxonomy":"category","embeddable":true,"href":"https:\/\/www.europesays.com\/pt\/wp-json\/wp\/v2\/categories?post=139215"},{"taxonomy":"post_tag","embeddable":true,"href":"https:\/\/www.europesays.com\/pt\/wp-json\/wp\/v2\/tags?post=139215"}],"curies":[{"name":"wp","href":"https:\/\/api.w.org\/{rel}","templated":true}]}}