{"id":139221,"date":"2025-11-04T12:53:41","date_gmt":"2025-11-04T12:53:41","guid":{"rendered":"https:\/\/www.europesays.com\/pt\/139221\/"},"modified":"2025-11-04T12:53:41","modified_gmt":"2025-11-04T12:53:41","slug":"cinquenta-casas-de-renda-acessivel-construidas-na-freguesia-lisboeta-de-benfica","status":"publish","type":"post","link":"https:\/\/www.europesays.com\/pt\/139221\/","title":{"rendered":"Cinquenta casas de renda acess\u00edvel constru\u00eddas na freguesia lisboeta de Benfica"},"content":{"rendered":"<p>Obra custar\u00e1 seis milh\u00f5es de euros e ser\u00e1 feira em bet\u00e3o medular pr\u00e9-fabricado.<\/p>\n<p>Cinquenta apartamentos destinados a renda acess\u00edvel v\u00e3o ser constru\u00eddos no Calhariz de Benfica, em Lisboa, num investimento de cerca de seis milh\u00f5es de euros, anunciou a Junta de Freguesia de Benfica.<\/p>\n<p class=\"text-paragraph\">Os novos apartamentos, de tipologias T1, T2 e T3, v\u00e3o ser constru\u00eddos num terreno, cedido pela C\u00e2mara Municipal de Lisboa, localizado junto \u00e0 nova Resid\u00eancia Universit\u00e1ria do Calhariz de Benfica e \u00e0 esta\u00e7\u00e3o da CP, segundo refere a autarquia, em comunicado.<\/p>\n<p class=\"text-paragraph\">A Junta de Freguesia refere que ir\u00e1 recorrer a constru\u00e7\u00e3o modular em bet\u00e3o pr\u00e9-fabricado, o que permitir\u00e1 acelerar os prazos de execu\u00e7\u00e3o da obra.<\/p>\n<p class=\"text-paragraph\">\u201cA interven\u00e7\u00e3o representa um investimento pr\u00f3ximo dos seis milh\u00f5es de euros, financiado na totalidade pelo Plano de Recupera\u00e7\u00e3o e Resili\u00eancia (PRR), e integra-se no regime de Renda Acess\u00edvel, contribuindo para dar resposta \u00e0 crescente necessidade de habita\u00e7\u00e3o a pre\u00e7os comport\u00e1veis em Lisboa\u201d, l\u00ea-se na nota.<\/p>\n<p class=\"text-paragraph\">Na nota, a Junta de Freguesia de Benfica recorda que \u201cest\u00e1 j\u00e1 tamb\u00e9m em fase adiantada de constru\u00e7\u00e3o um outro edif\u00edcio, com 18 apartamentos, nas traseiras da Avenida Gomes Pereira, tamb\u00e9m com recurso a m\u00f3dulos produzidos em f\u00e1brica\u201d.<\/p>\n<p class=\"text-paragraph\">De acordo com a autarquia, at\u00e9 2026 ser\u00e3o atribu\u00eddas mais 106 habita\u00e7\u00f5es para arrendamento acess\u00edvel no bairro de Benfica.<\/p>\n<p class=\"text-paragraph\">\u201cS\u00f3 este ano, j\u00e1 foram entregues 27 casas, e o objetivo \u00e9 chegar \u00e0s 50 at\u00e9 ao final de 2025. Trata-se do maior investimento de sempre em habita\u00e7\u00e3o realizado por uma Junta de Freguesia \u2014 69 milh\u00f5es de euros \u2014 com 272 habita\u00e7\u00f5es candidatas ao programa 1.\u00ba Direito (IHRU)\u201d, sublinha a autarquia.<\/p>\n","protected":false},"excerpt":{"rendered":"Obra custar\u00e1 seis milh\u00f5es de euros e ser\u00e1 feira em bet\u00e3o medular pr\u00e9-fabricado. Cinquenta apartamentos destinados a renda&hellip;\n","protected":false},"author":2,"featured_media":139222,"comment_status":"","ping_status":"","sticky":false,"template":"","format":"standard","meta":{"footnotes":""},"categories":[83],"tags":[51,88,362,89,90,456,32,33],"class_list":{"0":"post-139221","1":"post","2":"type-post","3":"status-publish","4":"format-standard","5":"has-post-thumbnail","7":"category-empresas","8":"tag-benfica","9":"tag-business","10":"tag-casas","11":"tag-economy","12":"tag-empresas","13":"tag-habitacao","14":"tag-portugal","15":"tag-pt"},"share_on_mastodon":{"url":"https:\/\/pubeurope.com\/@pt\/115491530627875884","error":""},"_links":{"self":[{"href":"https:\/\/www.europesays.com\/pt\/wp-json\/wp\/v2\/posts\/139221","targetHints":{"allow":["GET"]}}],"collection":[{"href":"https:\/\/www.europesays.com\/pt\/wp-json\/wp\/v2\/posts"}],"about":[{"href":"https:\/\/www.europesays.com\/pt\/wp-json\/wp\/v2\/types\/post"}],"author":[{"embeddable":true,"href":"https:\/\/www.europesays.com\/pt\/wp-json\/wp\/v2\/users\/2"}],"replies":[{"embeddable":true,"href":"https:\/\/www.europesays.com\/pt\/wp-json\/wp\/v2\/comments?post=139221"}],"version-history":[{"count":0,"href":"https:\/\/www.europesays.com\/pt\/wp-json\/wp\/v2\/posts\/139221\/revisions"}],"wp:featuredmedia":[{"embeddable":true,"href":"https:\/\/www.europesays.com\/pt\/wp-json\/wp\/v2\/media\/139222"}],"wp:attachment":[{"href":"https:\/\/www.europesays.com\/pt\/wp-json\/wp\/v2\/media?parent=139221"}],"wp:term":[{"taxonomy":"category","embeddable":true,"href":"https:\/\/www.europesays.com\/pt\/wp-json\/wp\/v2\/categories?post=139221"},{"taxonomy":"post_tag","embeddable":true,"href":"https:\/\/www.europesays.com\/pt\/wp-json\/wp\/v2\/tags?post=139221"}],"curies":[{"name":"wp","href":"https:\/\/api.w.org\/{rel}","templated":true}]}}