{"id":139225,"date":"2025-11-04T12:57:13","date_gmt":"2025-11-04T12:57:13","guid":{"rendered":"https:\/\/www.europesays.com\/pt\/139225\/"},"modified":"2025-11-04T12:57:13","modified_gmt":"2025-11-04T12:57:13","slug":"jon-stewart-continua-a-apresentar-o-daily-show-em-2026-observador","status":"publish","type":"post","link":"https:\/\/www.europesays.com\/pt\/139225\/","title":{"rendered":"Jon Stewart continua a apresentar o Daily Show em 2026 \u2013 Observador"},"content":{"rendered":"<p>O apresentador Jon Stewart, que voltou ao programa The Daily Show em fevereiro do ano passado, vai continuar \u00e0 frente do programa at\u00e9 dezembro do pr\u00f3ximo ano, informou o grupo Paramount Skydance, dono da esta\u00e7\u00e3o Comedy Central, <a href=\"https:\/\/www.reuters.com\/business\/media-telecom\/jon-stewart-will-remain-helm-the-daily-show-until-next-december-2025-11-03\/\" rel=\"nofollow noopener\" target=\"_blank\">citado pela Reuters<\/a>.<\/p>\n<p>Stewart assumiu o papel de produtor executivo do The Daily Show, substituindo o comediante sul-africano Trevor Noah, que lhe tinha sucedido em 2015. Por\u00e9m, <strong>o comediante s\u00f3 veste o papel de apresentador uma vez por semana<\/strong>, \u00e0s segundas-feiras, com uma s\u00e9rie de comediantes a cumprirem o papel nos outros dias da semana.<\/p>\n<p>O comediante nova-iorquino tornou-se a cara mais associada ao programa, ap\u00f3s 16 anos como o principal apresentador. O regresso do ano passado tinha surgido especificamente durante a campanha para as elei\u00e7\u00f5es presidenciais vencidas por Donald Trump e o contrato com a Comedy Central acabava em dezembro do ano passado.<\/p>\n<blockquote class=\"wp-embedded-content\" data-secret=\"Ko8oNCNoxl\">\n<p><a href=\"https:\/\/observador.pt\/2024\/01\/24\/jon-stewart-regressa-ao-the-daily-show-oito-anos-depois-comediante-apresentara-o-programa-uma-vez-por-semana-durante-as-eleicoes\/\" rel=\"nofollow noopener\" target=\"_blank\">Jon Stewart regressa ao \u201cThe Daily Show\u201d oito anos depois. Comediante apresentar\u00e1 o programa uma vez por semana durante as elei\u00e7\u00f5es<\/a><\/p>\n<\/blockquote>\n<p>Profundamente cr\u00edtico de\u00a0Trump, o <a href=\"https:\/\/observador.pt\/2025\/07\/18\/cbs-anuncia-fim-do-programa-late-show-com-stephen-colbert-por-razoes-financeiras\/\" rel=\"nofollow noopener\" target=\"_blank\">cancelamento do Late Show de Stephen Colbert<\/a> e a breve suspens\u00e3o do programa do apresentador Jimmy Kimmel \u2014 ambos ligados a cr\u00edticas ao Presidente \u2014 <a href=\"https:\/\/observador.pt\/2025\/09\/24\/silenciar-humoristas-e-anti-americano-jimmy-kimmel-de-regresso-com-monologo-sobre-liberdade-de-expressao\/\" rel=\"nofollow noopener\" target=\"_blank\">alimentaram as d\u00favidas<\/a> sobre a continuidade de Stewart no programa, <a href=\"https:\/\/www.wsj.com\/business\/media\/jon-stewart-daily-show-contract-extension-4f74ceaf\" rel=\"nofollow noopener\" target=\"_blank\">explica o Wall Street Journal<\/a>.<\/p>\n<p>\u201cJon Stewart continua a elevar o g\u00e9nero que ele pr\u00f3prio criou\u201d, afirmou o chefe da Comedy Central, Ari Peace, citado pelo jornal. \u201cO seu regresso \u00e9 um compromisso cont\u00ednuo com a com\u00e9dia incisiva e os coment\u00e1rios perspicazes que definem o \u2018The Daily Show&#8217;\u201d, continuou.<\/p>\n<p class=\"tinymceh1\"><strong>[H\u00e1 d\u00favidas at\u00e9 ao fim que acabam na vit\u00f3ria mais curta da Hist\u00f3ria.\u00a0A\u00a0<a href=\"https:\/\/observador.pt\/wp-admin\/post.php?post=7685876&amp;action=edit\" rel=\"nofollow noopener\" target=\"_blank\">\u201cElei\u00e7\u00e3o Mais Louca de Sempre\u201d<\/a>\u00a0\u00e9 o novo Podcast Plus do Observador sobre as Presidenciais de 1986. Uma s\u00e9rie narrada pelo ator Gon\u00e7alo Waddington, com banda sonora original de Samuel \u00daria. Pode ouvir o \u00faltimo epis\u00f3dio\u00a0<a href=\"https:\/\/observador.pt\/programas\/a-eleio-mais-louca-de-sempre\/episodio-6-a-vitoria-mais-curta-da-historia\/\" rel=\"nofollow noopener\" target=\"_blank\">aqui<\/a>, no\u00a0Observador, e tamb\u00e9m na\u00a0<a href=\"https:\/\/podcasts.apple.com\/pt\/podcast\/epis%C3%B3dio-6-a-vit%C3%B3ria-mais-curta-da-hist%C3%B3ria\/id1841273464?i=1000735108841\" rel=\"nofollow noopener\" target=\"_blank\">Apple Podcasts<\/a>, no\u00a0<a href=\"https:\/\/open.spotify.com\/episode\/01P6DWg39vDsqRDF9hHto6?si=32fb673d4e6f476f\" rel=\"nofollow noopener\" target=\"_blank\">Spotify<\/a>\u00a0e no\u00a0<a href=\"https:\/\/music.youtube.com\/watch?v=tC9N52JuIbI&amp;si=yDUA94GtcmbZxfYl\" rel=\"nofollow noopener\" target=\"_blank\">Youtube Music<\/a>. E pode ouvir o primeiro epis\u00f3dio\u00a0<a href=\"https:\/\/observador.pt\/programas\/a-eleio-mais-louca-de-sempre\/estreia-a-eleicao-mais-louca-de-sempre-episodio-1-apostamos-no-cavalo-errado\/\" target=\"_blank\" rel=\"noopener nofollow\">aqui<\/a>,\u00a0o segundo\u00a0<a href=\"https:\/\/observador.pt\/programas\/a-eleio-mais-louca-de-sempre\/episodio-2-uma-traicao-inesperada\/\" target=\"_blank\" rel=\"noopener nofollow\">aqui<\/a>,\u00a0o terceiro\u00a0<a href=\"https:\/\/observador.pt\/programas\/a-eleio-mais-louca-de-sempre\/episodio-3-ele-nao-e-meu-irmao\/\" rel=\"nofollow noopener\" target=\"_blank\">aqui<\/a>, o\u00a0<a href=\"https:\/\/observador.pt\/programas\/a-eleio-mais-louca-de-sempre\/episodio-4-portugal-nao-e-moscovo\/\" rel=\"nofollow noopener\" target=\"_blank\">quarto<\/a>\u00a0aqui e o\u00a0<a href=\"https:\/\/observador.pt\/programas\/a-eleio-mais-louca-de-sempre\/episodio-5-uma-armadilha-em-direto\/\" rel=\"nofollow noopener\" target=\"_blank\">quinto\u00a0<\/a>aqui]<\/strong><\/p>\n<p><a href=\"https:\/\/observador.pt\/programas\/a-eleio-mais-louca-de-sempre\/episodio-6-a-vitoria-mais-curta-da-historia\/\" rel=\"nofollow noopener\" target=\"_blank\"><\/p>\n<p>        <img src=\"https:\/\/www.europesays.com\/pt\/wp-content\/uploads\/2025\/10\/1761878958_488_770-a-eleicao-mais-louca-de-sempre-playicon.png\" alt=\"\" loading=\"lazy\" decoding=\"async\" class=\"alignnone\" onload=\"this.parentElement.classList.remove('spinner')\" onerror=\"this.parentElement.classList.remove('spinner')\" width=\"770\" height=\"433\"\/>    <\/p>\n<p><\/a><\/p>\n","protected":false},"excerpt":{"rendered":"O apresentador Jon Stewart, que voltou ao programa The Daily Show em fevereiro do ano passado, vai continuar&hellip;\n","protected":false},"author":2,"featured_media":139226,"comment_status":"","ping_status":"","sticky":false,"template":"","format":"standard","meta":{"footnotes":""},"categories":[145],"tags":[624,211,210,114,115,623,31027,715,62,32,33,58,2671],"class_list":{"0":"post-139225","1":"post","2":"type-post","3":"status-publish","4":"format-standard","5":"has-post-thumbnail","7":"category-celebridades","8":"tag-amu00e9rica","9":"tag-celebridades","10":"tag-celebrities","11":"tag-entertainment","12":"tag-entretenimento","13":"tag-estados-unidos-da-amu00e9rica","14":"tag-jon-stewart","15":"tag-media","16":"tag-mundo","17":"tag-portugal","18":"tag-pt","19":"tag-sociedade","20":"tag-televisu00e3o"},"share_on_mastodon":{"url":"https:\/\/pubeurope.com\/@pt\/115491546414364033","error":""},"_links":{"self":[{"href":"https:\/\/www.europesays.com\/pt\/wp-json\/wp\/v2\/posts\/139225","targetHints":{"allow":["GET"]}}],"collection":[{"href":"https:\/\/www.europesays.com\/pt\/wp-json\/wp\/v2\/posts"}],"about":[{"href":"https:\/\/www.europesays.com\/pt\/wp-json\/wp\/v2\/types\/post"}],"author":[{"embeddable":true,"href":"https:\/\/www.europesays.com\/pt\/wp-json\/wp\/v2\/users\/2"}],"replies":[{"embeddable":true,"href":"https:\/\/www.europesays.com\/pt\/wp-json\/wp\/v2\/comments?post=139225"}],"version-history":[{"count":0,"href":"https:\/\/www.europesays.com\/pt\/wp-json\/wp\/v2\/posts\/139225\/revisions"}],"wp:featuredmedia":[{"embeddable":true,"href":"https:\/\/www.europesays.com\/pt\/wp-json\/wp\/v2\/media\/139226"}],"wp:attachment":[{"href":"https:\/\/www.europesays.com\/pt\/wp-json\/wp\/v2\/media?parent=139225"}],"wp:term":[{"taxonomy":"category","embeddable":true,"href":"https:\/\/www.europesays.com\/pt\/wp-json\/wp\/v2\/categories?post=139225"},{"taxonomy":"post_tag","embeddable":true,"href":"https:\/\/www.europesays.com\/pt\/wp-json\/wp\/v2\/tags?post=139225"}],"curies":[{"name":"wp","href":"https:\/\/api.w.org\/{rel}","templated":true}]}}