{"id":139229,"date":"2025-11-04T13:01:07","date_gmt":"2025-11-04T13:01:07","guid":{"rendered":"https:\/\/www.europesays.com\/pt\/139229\/"},"modified":"2025-11-04T13:01:07","modified_gmt":"2025-11-04T13:01:07","slug":"wicked-parte-2-ariana-grande-cancela-visita-ao-brasil-04-11-2025-ilustrada","status":"publish","type":"post","link":"https:\/\/www.europesays.com\/pt\/139229\/","title":{"rendered":"Wicked Parte 2: Ariana Grande cancela visita ao Brasil &#8211; 04\/11\/2025 &#8211; Ilustrada"},"content":{"rendered":"<p>A cantora e atriz <a href=\"https:\/\/www1.folha.uol.com.br\/folha-topicos\/ariana-grande\/\" rel=\"nofollow noopener\" target=\"_blank\">Ariana Grande<\/a> cancelou sua vinda ao Brasil durante a <a href=\"https:\/\/www1.folha.uol.com.br\/ilustrada\/2025\/10\/ariana-grande-e-cynthia-erivo-vao-a-sao-paulo-para-o-lancamento-de-wicked.shtml\" rel=\"nofollow noopener\" target=\"\">turn\u00ea do filme &#8220;Wicked: Parte 2&#8221;<\/a>, que ela estrela ao lado de <a href=\"https:\/\/f5.folha.uol.com.br\/celebridades\/2025\/02\/cynthia-erivo-vai-interpretar-jesus-no-teatro.shtml\" rel=\"nofollow noopener\" target=\"\">Cynthia Erivo<\/a>. Ela participaria de um evento de promo\u00e7\u00e3o do trabalho nesta ter\u00e7a-feira (4), em S\u00e3o Paulo.<\/p>\n<p>&#8220;Minha equipe e eu tivemos que sair do nosso voo, pois eles tiveram que fazer a manuten\u00e7\u00e3o do avi\u00e3o devido a um problema de seguran\u00e7a e ele n\u00e3o vai decolar at\u00e9 as 11h da manh\u00e3 de amanh\u00e3&#8221;, escreveu, em nota nas redes sociais. Ela pede desculpas pelo inconveniente e que a produtora Universal buscou alternativas, mas sem sucesso.<\/p>\n<p>Ainda devem comparecer ao evento Erivo, Jonathan Bailey \u2014que vive o personagem Fiyero\u2014 e o cineasta John M.Chu. A cidade \u00e9 a primeira parada da turn\u00ea, que ainda vai para Paris, Londres, Singapura e Nova York ao longo do m\u00eas.<\/p>\n<p>Ariana Grande e Cynthia Erivo s\u00e3o as protagonistas Glinda e Elphaba, respectivamente. O filme \u00e9 a <a href=\"https:\/\/www1.folha.uol.com.br\/ilustrada\/2025\/02\/ariana-grande-e-cynthia-erivo-devem-se-apresentar-no-oscar-2025-diz-revista.shtml\" rel=\"nofollow noopener\" target=\"\">continua\u00e7\u00e3o da obra lan\u00e7ada no ano passado<\/a>, que venceu duas estatuetas do Oscar \u2014de melhor figurino e design de produ\u00e7\u00e3o.<\/p>\n<p>As produ\u00e7\u00f5es adaptam para as telonas o musical da Broadway de 2003, criado por Stephen Schwartz e Winnie Holzman, como adapta\u00e7\u00e3o do livro de Gregory Maguire. &#8220;Wicked: Parte 2&#8221; est\u00e1 previsto para estrear em 20 de novembro no Brasil. Nos palcos, o <a href=\"https:\/\/www1.folha.uol.com.br\/ilustrada\/2025\/08\/como-e-wicked-o-musical-com-a-drag-queen-gloria-groove-como-vila-pomposa.shtml\" rel=\"nofollow noopener\" target=\"\">musical deve ficar em cartaz no Teatro Renault<\/a>, em S\u00e3o Paulo, at\u00e9 21 de dezembro.<\/p>\n","protected":false},"excerpt":{"rendered":"A cantora e atriz Ariana Grande cancelou sua vinda ao Brasil durante a turn\u00ea do filme &#8220;Wicked: Parte&hellip;\n","protected":false},"author":2,"featured_media":139230,"comment_status":"","ping_status":"","sticky":false,"template":"","format":"standard","meta":{"footnotes":""},"categories":[141],"tags":[1940,207,470,21898,114,115,236,149,150,214,32,33,5069],"class_list":{"0":"post-139229","1":"post","2":"type-post","3":"status-publish","4":"format-standard","5":"has-post-thumbnail","7":"category-musica","8":"tag-ariana-grande","9":"tag-arte","10":"tag-cinema","11":"tag-cynthia-erivo","12":"tag-entertainment","13":"tag-entretenimento","14":"tag-folha","15":"tag-music","16":"tag-musica","17":"tag-pop","18":"tag-portugal","19":"tag-pt","20":"tag-wicked"},"share_on_mastodon":{"url":"https:\/\/pubeurope.com\/@pt\/115491562027699789","error":""},"_links":{"self":[{"href":"https:\/\/www.europesays.com\/pt\/wp-json\/wp\/v2\/posts\/139229","targetHints":{"allow":["GET"]}}],"collection":[{"href":"https:\/\/www.europesays.com\/pt\/wp-json\/wp\/v2\/posts"}],"about":[{"href":"https:\/\/www.europesays.com\/pt\/wp-json\/wp\/v2\/types\/post"}],"author":[{"embeddable":true,"href":"https:\/\/www.europesays.com\/pt\/wp-json\/wp\/v2\/users\/2"}],"replies":[{"embeddable":true,"href":"https:\/\/www.europesays.com\/pt\/wp-json\/wp\/v2\/comments?post=139229"}],"version-history":[{"count":0,"href":"https:\/\/www.europesays.com\/pt\/wp-json\/wp\/v2\/posts\/139229\/revisions"}],"wp:featuredmedia":[{"embeddable":true,"href":"https:\/\/www.europesays.com\/pt\/wp-json\/wp\/v2\/media\/139230"}],"wp:attachment":[{"href":"https:\/\/www.europesays.com\/pt\/wp-json\/wp\/v2\/media?parent=139229"}],"wp:term":[{"taxonomy":"category","embeddable":true,"href":"https:\/\/www.europesays.com\/pt\/wp-json\/wp\/v2\/categories?post=139229"},{"taxonomy":"post_tag","embeddable":true,"href":"https:\/\/www.europesays.com\/pt\/wp-json\/wp\/v2\/tags?post=139229"}],"curies":[{"name":"wp","href":"https:\/\/api.w.org\/{rel}","templated":true}]}}