{"id":139245,"date":"2025-11-04T13:20:06","date_gmt":"2025-11-04T13:20:06","guid":{"rendered":"https:\/\/www.europesays.com\/pt\/139245\/"},"modified":"2025-11-04T13:20:06","modified_gmt":"2025-11-04T13:20:06","slug":"marisa-diz-que-pedro-lambe-as-botas-a-marisa-susana-ele-fala-de-bruno-estas-tapadinha-com-o-que-ele-diz-tvi","status":"publish","type":"post","link":"https:\/\/www.europesays.com\/pt\/139245\/","title":{"rendered":"Marisa diz que Pedro \u00ab\u2018lambe as botas\u2019 \u00e0 Marisa Susana\u00bb. Ele fala de Bruno: \u00abEst\u00e1s tapadinha com o que ele diz\u00bb &#8211; TVI"},"content":{"rendered":"<ol>\n<li><a href=\"https:\/\/news.google.com\/rss\/articles\/CBMi-gFBVV95cUxPWWhyak1yODlxcUowZktsVzgwUlhrU3l6TGhkY3NfMXJQdzAwLUwyRE9DSGdZX0xqVWxrUjNKWTFtamRRczVjWEZXLXVFRWExeXRNWC12ZC1nN2U3UDRsQWhGOWZWWklld3ZTZ1laSnlCLW1zemtjSEctZEV5dmxJbEUyclJucFlGaGxzdldmSmxnQjA1a3hBekNIQlh4SWE4MFlVSlpsaEVqZGFiT2JncWZKRnpUdUIwWW1MT0xCb2NLXzYwRnVWQWNQdnNrMWFKc3lqX0dxdE9iRjd4ODVYaXUydm03NW45enRXV3VaVzh4eWotT2ZxNnZR?oc=5\" target=\"_blank\" rel=\"nofollow noopener\">Marisa diz que Pedro \u00ab\u2018lambe as botas\u2019 \u00e0 Marisa Susana\u00bb. Ele fala de Bruno: \u00abEst\u00e1s tapadinha com o que ele diz\u00bb<\/a>&nbsp;&nbsp;TVI<\/li>\n<li><a href=\"https:\/\/news.google.com\/rss\/articles\/CBMivgFBVV95cUxQeE05N2U4QVd6Szd1ZXc1eHZrQWkzMTZybzloZEVqM3VaQVA1V21IdExjdWlHVjdzZ3RNaHBZNktnUUJkZWc1NlhXak9WNmMzVVNfbFNNbFdDN1F2M0ZKcHBBRGtVU2RWUkh1U2F4N2N3YzZiMHdxRl9hbGVxbGVURkN4eW1yMGJ5V3k4dkZSUWJWbjNvVEZrN2pGTUtCcWNQUndoNGcyM1Z3Z1RYMHRzSEYyYUR2U3RPdEh4Rlp3?oc=5\" target=\"_blank\" rel=\"nofollow noopener\">Lu\u00eds Gon\u00e7alves implac\u00e1vel com Marisa e Pedro Jorge: &#8220;Isto chegou a um ponto degradante, s\u00f3 se enterram&#8230;&#8221;<\/a>&nbsp;&nbsp;Hiper Fm<\/li>\n<li><a href=\"https:\/\/news.google.com\/rss\/articles\/CBMi3gFBVV95cUxOMkJuZXB4d3laM0M2RzdLaUhmQ3RJdzZqamhfOTdOV29MbjFQTEZhUVlLSG5ROFZlV29UeGIwS1d5UzBHUUFkR2lsYVRRUjJReXBmSXlPenNJbDdneXpjUU1tazZUT3k1dVdOSXFRR2VSaHRCRkY3Rkw2ejl5UVY1MEdvczlBV01LM19BNVNReGc2TlJUTmdUU2hfTDdmWE1oYVFEMXVTU0ttSHgzVnMyRE9zQ1ZtVl9OY3lqVmNLdzZJSTM0YnN4XzV0MGI5c2pLUl9NM240aVlIdUd6QVE?oc=5\" target=\"_blank\" rel=\"nofollow noopener\">O M\u00e9xico entra na casa pela m\u00e3o dos rapazes. E o momento \u00e9 do mais divertido que h\u00e1<\/a>&nbsp;&nbsp;TVI<\/li>\n<li><a href=\"https:\/\/news.google.com\/rss\/articles\/CBMipgFBVV95cUxOZ2J1OHF3M2VmMnQ4Mkh3RV8tbHhXdmFfcm1ubmxxWE5xZ05nX3V0MmRLM1JxWUk2clNVeV83ZXo0c09yWlZPZ0trakRwWjFNY1E3VUc1cTlJY0tvVk5rS2hYVGJfRlBxc2tmZ2VxbVhqY1BHWnhaRXNoMEdUbnlOdkxvclhGQURQTWVVblhCNW1DZ0NQZHF5Y2hKWlpwVWUzZ2RpVmZR?oc=5\" target=\"_blank\" rel=\"nofollow noopener\">Lu\u00eds Nascimento sai em defesa de Pedro Jorge<\/a>&nbsp;&nbsp;A Televis\u00e3o<\/li>\n<li><a href=\"https:\/\/news.google.com\/rss\/articles\/CBMitAFBVV95cUxQcUlnRmJveFVBOWVkcHBrY1pISUFlQnJBenY3b2EyQl9UOFR0R1R1MV9LczRWRVpIQ3dad2dsZExMNkZSWkZNVXE4eUhzTEp0Q2hRQi1iUGd0bUQtdllUMlVIYkF0Mk0xTW9UQUk2MVp2VHRrdTlIRExpRDZFMF95UmV5TVk0ZTBNSGxzQ0NvWm8tMkxuT3kyLXU0bHdueUIyZ3k3bXMwX0pBTnNZYlJJODY0dFE?oc=5\" target=\"_blank\" rel=\"nofollow noopener\">\u201cMarisa vira-se contra o marido na Casa: \u2018Ainda n\u00e3o parou de o rasgar\u2019, acusa Francisco Monteiro<\/a>&nbsp;&nbsp;Dioguinho<\/li>\n<\/ol>\n","protected":false},"excerpt":{"rendered":"Marisa diz que Pedro \u00ab\u2018lambe as botas\u2019 \u00e0 Marisa Susana\u00bb. Ele fala de Bruno: \u00abEst\u00e1s tapadinha com o&hellip;\n","protected":false},"author":2,"featured_media":137713,"comment_status":"","ping_status":"","sticky":false,"template":"","format":"standard","meta":{"footnotes":""},"categories":[142],"tags":[114,115,32,33,151],"class_list":{"0":"post-139245","1":"post","2":"type-post","3":"status-publish","4":"format-standard","5":"has-post-thumbnail","7":"category-tv","8":"tag-entertainment","9":"tag-entretenimento","10":"tag-portugal","11":"tag-pt","12":"tag-tv"},"share_on_mastodon":{"url":"https:\/\/pubeurope.com\/@pt\/115491636900429698","error":""},"_links":{"self":[{"href":"https:\/\/www.europesays.com\/pt\/wp-json\/wp\/v2\/posts\/139245","targetHints":{"allow":["GET"]}}],"collection":[{"href":"https:\/\/www.europesays.com\/pt\/wp-json\/wp\/v2\/posts"}],"about":[{"href":"https:\/\/www.europesays.com\/pt\/wp-json\/wp\/v2\/types\/post"}],"author":[{"embeddable":true,"href":"https:\/\/www.europesays.com\/pt\/wp-json\/wp\/v2\/users\/2"}],"replies":[{"embeddable":true,"href":"https:\/\/www.europesays.com\/pt\/wp-json\/wp\/v2\/comments?post=139245"}],"version-history":[{"count":0,"href":"https:\/\/www.europesays.com\/pt\/wp-json\/wp\/v2\/posts\/139245\/revisions"}],"wp:featuredmedia":[{"embeddable":true,"href":"https:\/\/www.europesays.com\/pt\/wp-json\/wp\/v2\/media\/137713"}],"wp:attachment":[{"href":"https:\/\/www.europesays.com\/pt\/wp-json\/wp\/v2\/media?parent=139245"}],"wp:term":[{"taxonomy":"category","embeddable":true,"href":"https:\/\/www.europesays.com\/pt\/wp-json\/wp\/v2\/categories?post=139245"},{"taxonomy":"post_tag","embeddable":true,"href":"https:\/\/www.europesays.com\/pt\/wp-json\/wp\/v2\/tags?post=139245"}],"curies":[{"name":"wp","href":"https:\/\/api.w.org\/{rel}","templated":true}]}}