{"id":139265,"date":"2025-11-04T13:36:11","date_gmt":"2025-11-04T13:36:11","guid":{"rendered":"https:\/\/www.europesays.com\/pt\/139265\/"},"modified":"2025-11-04T13:36:11","modified_gmt":"2025-11-04T13:36:11","slug":"harry-potter-e-o-calice-de-fogo-volta-aos-cinemas-em-sp-03-11-2025-cinema","status":"publish","type":"post","link":"https:\/\/www.europesays.com\/pt\/139265\/","title":{"rendered":"&#8216;Harry Potter e o C\u00e1lice de Fogo&#8217; volta aos cinemas em SP &#8211; 03\/11\/2025 &#8211; Cinema"},"content":{"rendered":"<p>                            03\/11\/2025<\/p>\n<p>                              <img decoding=\"async\" src=\"https:\/\/f.i.uol.com.br\/guia\/3\/furniture\/images\/icons\/clock.svg\" alt=\"Hor\u00e1rio\" class=\"news__icon-clock c-lazyload\"\/><\/p>\n<p>                              23h00<\/p>\n<p>\n<strong class=\"c-signature__location\">S\u00e3o Paulo<\/strong>\n<\/p>\n<p>O filme <a href=\"https:\/\/guia.folha.uol.com.br\/passeios\/2025\/10\/baile-inspirado-no-universo-de-harry-potter-chega-a-sao-paulo-com-fantasias-e-comidas-tematicas.shtml\" rel=\"nofollow noopener\" target=\"_blank\">&#8220;Harry Potter e o C\u00e1lice de Fogo&#8221;<\/a> voltar\u00e1 aos cinemas de S\u00e3o Paulo no dia 15 de novembro. As sess\u00f5es especiais, que j\u00e1 est\u00e3o em pr\u00e9-venda em redes do circuito comercial, marcam 20 anos do lan\u00e7amento do quarto longa da franquia, baseada nos livros de <a href=\"https:\/\/www1.folha.uol.com.br\/folha-topicos\/j-k-rowling\/\" rel=\"nofollow noopener\" target=\"_blank\">J. K. Rowling<\/a>.<\/p>\n<p>O filme acompanha o jovem Harry (<a href=\"https:\/\/www1.folha.uol.com.br\/folha-topicos\/daniel-radcliffe\/\" rel=\"nofollow noopener\" target=\"_blank\">Daniel Radcliffe<\/a>), agora com 14 anos, quando \u00e9 selecionado para participar do torneio Tribuxo, uma competi\u00e7\u00e3o entre as tr\u00eas maiores escolas bruxas do mundo.<\/p>\n<p>For\u00e7ado a encarar desafios mortais e perigos inesperados, Harry n\u00e3o s\u00f3 precisa superar as provas do torneio, mas tamb\u00e9m enfrentar dilemas pessoais e a amea\u00e7a do retorno de seu inimigo, Lord Voldemort. Esta trama marca a primeira apari\u00e7\u00e3o de <a href=\"https:\/\/f5.folha.uol.com.br\/cinema-e-series\/2025\/05\/ralph-fiennes-vivera-presidente-snow-em-novo-filme-de-jogos-vorazes.shtml\" rel=\"nofollow noopener\" target=\"\">Ralph Fiennes<\/a> no papel do bruxo das trevas.<\/p>\n<p>A exibi\u00e7\u00e3o ser\u00e1 feita no Cinemark, Cine Ara\u00fajo, Cin\u00e9polis, Cinesystem, Kinoplex e UCI. Os ingressos podem ser adquiridos a partir de R$ 34 na modalidade inteira nos sites das redes ou no <a href=\"https:\/\/ingresso.com\" rel=\"nofollow noopener\" target=\"_blank\">Ingresso.com<\/a>.<\/p>\n<p>O quarto filme da saga tamb\u00e9m inspira <a href=\"https:\/\/guia.folha.uol.com.br\/passeios\/2025\/10\/baile-inspirado-no-universo-de-harry-potter-chega-a-sao-paulo-com-fantasias-e-comidas-tematicas.shtml\" rel=\"nofollow noopener\" target=\"\">um baile imersivo em S\u00e3o Paulo<\/a>, com decora\u00e7\u00e3o e comidas tem\u00e1ticas. Embora n\u00e3o haja obrigatoriedade de traje, os convidados s\u00e3o incentivados a vestir roupas de gala, uniformes das casas e acess\u00f3rios preferidos.<\/p>\n<p><strong>&#8216;Harry Potter e o C\u00e1lice de Fogo&#8217;<\/strong><br \/>&#13;<br \/>\nDia 15 de novembro. Em  Cinemark, Cine Ara\u00fajo, Cin\u00e9polis, Cinesystem, Kinoplex e UCI.<\/p>\n","protected":false},"excerpt":{"rendered":"03\/11\/2025 23h00 S\u00e3o Paulo O filme &#8220;Harry Potter e o C\u00e1lice de Fogo&#8221; voltar\u00e1 aos cinemas de S\u00e3o&hellip;\n","protected":false},"author":2,"featured_media":139266,"comment_status":"","ping_status":"","sticky":false,"template":"","format":"standard","meta":{"footnotes":""},"categories":[140],"tags":[207,470,15628,114,115,147,148,761,700,13528,864,146,32,33,13540,1741],"class_list":{"0":"post-139265","1":"post","2":"type-post","3":"status-publish","4":"format-standard","5":"has-post-thumbnail","7":"category-filmes","8":"tag-arte","9":"tag-cinema","10":"tag-daniel-radcliffe","11":"tag-entertainment","12":"tag-entretenimento","13":"tag-film","14":"tag-filmes","15":"tag-guia-folha","16":"tag-harry-potter","17":"tag-j-k-rowling","18":"tag-literatura","19":"tag-movies","20":"tag-portugal","21":"tag-pt","22":"tag-ralph-fiennes","23":"tag-so-paulo"},"share_on_mastodon":{"url":"https:\/\/pubeurope.com\/@pt\/115491699725769169","error":""},"_links":{"self":[{"href":"https:\/\/www.europesays.com\/pt\/wp-json\/wp\/v2\/posts\/139265","targetHints":{"allow":["GET"]}}],"collection":[{"href":"https:\/\/www.europesays.com\/pt\/wp-json\/wp\/v2\/posts"}],"about":[{"href":"https:\/\/www.europesays.com\/pt\/wp-json\/wp\/v2\/types\/post"}],"author":[{"embeddable":true,"href":"https:\/\/www.europesays.com\/pt\/wp-json\/wp\/v2\/users\/2"}],"replies":[{"embeddable":true,"href":"https:\/\/www.europesays.com\/pt\/wp-json\/wp\/v2\/comments?post=139265"}],"version-history":[{"count":0,"href":"https:\/\/www.europesays.com\/pt\/wp-json\/wp\/v2\/posts\/139265\/revisions"}],"wp:featuredmedia":[{"embeddable":true,"href":"https:\/\/www.europesays.com\/pt\/wp-json\/wp\/v2\/media\/139266"}],"wp:attachment":[{"href":"https:\/\/www.europesays.com\/pt\/wp-json\/wp\/v2\/media?parent=139265"}],"wp:term":[{"taxonomy":"category","embeddable":true,"href":"https:\/\/www.europesays.com\/pt\/wp-json\/wp\/v2\/categories?post=139265"},{"taxonomy":"post_tag","embeddable":true,"href":"https:\/\/www.europesays.com\/pt\/wp-json\/wp\/v2\/tags?post=139265"}],"curies":[{"name":"wp","href":"https:\/\/api.w.org\/{rel}","templated":true}]}}