{"id":139267,"date":"2025-11-04T13:37:12","date_gmt":"2025-11-04T13:37:12","guid":{"rendered":"https:\/\/www.europesays.com\/pt\/139267\/"},"modified":"2025-11-04T13:37:12","modified_gmt":"2025-11-04T13:37:12","slug":"filho-de-pickford-entra-em-campo-com-camisola-metade-everton-metade-sunderland","status":"publish","type":"post","link":"https:\/\/www.europesays.com\/pt\/139267\/","title":{"rendered":"Filho de Pickford entra em campo com camisola metade Everton, metade Sunderland"},"content":{"rendered":"<p data-end=\"577\" data-start=\"214\">Jordan Pickford viveu esta segunda-feira uma noite de emo\u00e7\u00f5es fortes no regresso ao Stadium of Light, casa do Sunderland, clube onde fez toda a forma\u00e7\u00e3o e ao qual esteve ligado durante dez anos.<\/p>\n<p data-end=\"577\" data-start=\"214\">O guarda-redes ingl\u00eas, no Everton h\u00e1 nove temporadas, voltou a pisar o relvado onde cresceu, e f\u00ea-lo pela primeira vez como advers\u00e1rio.<\/p>\n<p data-end=\"833\" data-start=\"579\">Antes do apito inicial, Pickford entrou em campo acompanhado pelo filho, que usava uma camisola bipartida, metade do Everton, metade do Sunderland. O guarda-redes de 31 anos fez quest\u00e3o de partilhar o momento nas redes sociais.<\/p>\n<p data-end=\"833\" data-start=\"579\">\u00abUma noite especial de regresso ao Stadium of Light. Quinze anos aqui em crian\u00e7a, primeira vez de volta como jogador do Everton, orgulhoso por partilhar isto com o meu filho. O futebol fecha o c\u00edrculo\u00bb, escreveu.<\/p>\n<blockquote class=\"instagram-media\" data-instgrm-captioned=\"\" data-instgrm-permalink=\"https:\/\/www.instagram.com\/p\/DQnMdOGDL3t\/?utm_source=ig_embed&amp;utm_campaign=loading\" data-instgrm-version=\"14\" style=\" background:#FFF; border:0; border-radius:3px; box-shadow:0 0 1px 0 rgba(0,0,0,0.5),0 1px 10px 0 rgba(0,0,0,0.15); margin: 1px; max-width:540px; min-width:326px; padding:0; width:99.375%; width:-webkit-calc(100% - 2px); width:calc(100% - 2px);\">\n<\/blockquote>\n<p data-end=\"1343\" data-start=\"1125\">Pickford deixou o Sunderland no in\u00edcio da temporada 2017\/18, a troco de 28,5 milh\u00f5es de euros, precisamente na \u00e9poca que se seguiu \u00e0 descida de\u00a0divis\u00e3o e o Everton o contratou. Desde ent\u00e3o, o guarda-redes nunca mais tinha regressado \u00e0quele palco.<\/p>\n<p data-end=\"1561\" data-is-last-node=\"\" data-is-only-node=\"\" data-start=\"1345\">O reencontro terminou com um empate a uma bola (<a href=\"https:\/\/maisfutebol.iol.pt\/inglaterra\/everton\/inglaterra-beto-soma-minutos-e-everton-empata-na-deslocacao-a-sunderland\" target=\"_blank\" rel=\"nofollow noopener\">1-1<\/a>), mas o resultado foi quase um detalhe numa noite em que Pickford \u00abvoltou a casa\u00bb.<\/p>\n<p>                                <script async src=\"\/\/www.instagram.com\/embed.js\"><\/script><\/p>\n","protected":false},"excerpt":{"rendered":"Jordan Pickford viveu esta segunda-feira uma noite de emo\u00e7\u00f5es fortes no regresso ao Stadium of Light, casa do&hellip;\n","protected":false},"author":2,"featured_media":139268,"comment_status":"","ping_status":"","sticky":false,"template":"","format":"standard","meta":{"footnotes":""},"categories":[87],"tags":[135,3016,665,82,31032,46,32,33,47,134,14058],"class_list":{"0":"post-139267","1":"post","2":"type-post","3":"status-publish","4":"format-standard","5":"has-post-thumbnail","7":"category-desporto","8":"tag-desporto","9":"tag-everton","10":"tag-inglaterra","11":"tag-internacional","12":"tag-jordan-pickford","13":"tag-maisfutebol","14":"tag-portugal","15":"tag-pt","16":"tag-pura-paixao","17":"tag-sports","18":"tag-sunderland"},"share_on_mastodon":{"url":"https:\/\/pubeurope.com\/@pt\/115491703670821479","error":""},"_links":{"self":[{"href":"https:\/\/www.europesays.com\/pt\/wp-json\/wp\/v2\/posts\/139267","targetHints":{"allow":["GET"]}}],"collection":[{"href":"https:\/\/www.europesays.com\/pt\/wp-json\/wp\/v2\/posts"}],"about":[{"href":"https:\/\/www.europesays.com\/pt\/wp-json\/wp\/v2\/types\/post"}],"author":[{"embeddable":true,"href":"https:\/\/www.europesays.com\/pt\/wp-json\/wp\/v2\/users\/2"}],"replies":[{"embeddable":true,"href":"https:\/\/www.europesays.com\/pt\/wp-json\/wp\/v2\/comments?post=139267"}],"version-history":[{"count":0,"href":"https:\/\/www.europesays.com\/pt\/wp-json\/wp\/v2\/posts\/139267\/revisions"}],"wp:featuredmedia":[{"embeddable":true,"href":"https:\/\/www.europesays.com\/pt\/wp-json\/wp\/v2\/media\/139268"}],"wp:attachment":[{"href":"https:\/\/www.europesays.com\/pt\/wp-json\/wp\/v2\/media?parent=139267"}],"wp:term":[{"taxonomy":"category","embeddable":true,"href":"https:\/\/www.europesays.com\/pt\/wp-json\/wp\/v2\/categories?post=139267"},{"taxonomy":"post_tag","embeddable":true,"href":"https:\/\/www.europesays.com\/pt\/wp-json\/wp\/v2\/tags?post=139267"}],"curies":[{"name":"wp","href":"https:\/\/api.w.org\/{rel}","templated":true}]}}