{"id":139290,"date":"2025-11-04T13:56:11","date_gmt":"2025-11-04T13:56:11","guid":{"rendered":"https:\/\/www.europesays.com\/pt\/139290\/"},"modified":"2025-11-04T13:56:11","modified_gmt":"2025-11-04T13:56:11","slug":"leao-xiv-em-oracao-no-tumulo-do-papa-francisco-vatican-news","status":"publish","type":"post","link":"https:\/\/www.europesays.com\/pt\/139290\/","title":{"rendered":"Le\u00e3o XIV em ora\u00e7\u00e3o no t\u00famulo do Papa Francisco &#8211; Vatican News"},"content":{"rendered":"<ol>\n<li><a href=\"https:\/\/news.google.com\/rss\/articles\/CBMipgFBVV95cUxPM0NIV0xoTGxOaVBLZ0hWeC05QmtOUW8yWDc5WXNhMkhON0k1blFlcExJVnNoV2ZWOVh1R21pdGhxbkVXU0MzbHVjQnNydWJXdWctak5QcEtlNkdkc25tajJBRTFvTThhdnY1VUwxYjU2dGNXZE1KSW1PMTJYM3lMTERhYTY4WGxGU25scmc4UmltNk5TOVZUWkUyY21vbWpacUQyR2hn?oc=5\" target=\"_blank\" rel=\"nofollow noopener\">Le\u00e3o XIV em ora\u00e7\u00e3o no t\u00famulo do Papa Francisco<\/a>&nbsp;&nbsp;Vatican News<\/li>\n<li><a href=\"https:\/\/news.google.com\/rss\/articles\/CBMi1wFBVV95cUxQWGRYdnloTURpclFGVDFCX1paX3JOZ3pKcHZFRG11T0RESXlkVXJHSkdURU9lV2lRX1p4UHdBX0ROc25ZVFloLVdxWjNYQ25OSVFVSTZ1V2VTRmNVWmdTZmVza3puMXVvbWhnUllZTmU2dnRCVXE0Ym14LVRNT2hpXzFaZkFOWlR5TTZ0MVFTNm9jeUJxRXlHWDJZWHp3LVhEa0xTUDRYbW5WMzJtOWhBY1JHaS1Ua0Q2bW9ZeHMyXzlZZVB3TDlwaXZuVm9nTE5PUFVMZTlsRQ?oc=5\" target=\"_blank\" rel=\"nofollow noopener\">Papa Le\u00e3o XIV reza missa por Francisco e bispos mortos<\/a>&nbsp;&nbsp;Terra<\/li>\n<li><a href=\"https:\/\/news.google.com\/rss\/articles\/CBMivgFBVV95cUxPM2IyUWhrR19uV1VialpLR1ZVMVhlYTdCQ2ZQdzJOSU9uUjBSS2tJdmV0MHBMR0VlazVlMFg5R1hiZVFVS1J3eGVpcXhkdGRfNGppSVhaSzJ0MEx1NDBqN190ODZxWERSWWpoYzdCNnBkakpxSmFJRFA5aHNoNDNMZ0Y4ZEdkQS1Fc0w2LW5IYThvSU83UGRnNTNYaXBycXZIS0l1LTJpbjBNSnQ5UTZqa0hrczRjSHN1anlJdXFR?oc=5\" target=\"_blank\" rel=\"nofollow noopener\">Papa reza pela alma de cardeais e bispos falecidos no ano<\/a>&nbsp;&nbsp;Not\u00edcias &#8211; Can\u00e7\u00e3o Nova<\/li>\n<li><a href=\"https:\/\/news.google.com\/rss\/articles\/CBMigwFBVV95cUxOb25Bbmh4TWFIZTdzT09YN0tEZG5wR1p4X2xMU0stOHNkdmJaRWx3cUV2TkVjQ1lrbU5sa21MM05qVTNhWmd5bUx3ZjhGbzhBSEx1al9nOUZ1eXM3R0Z5Y0d3ZFRXcEVnejVtQ2tISXotT1g1NEg3Q3JKb2VSdXE3RC1BMA?oc=5\" target=\"_blank\" rel=\"nofollow noopener\">Le\u00e3o XIV: A esperan\u00e7a crist\u00e3<\/a>&nbsp;&nbsp;Jornal A Voz da Serra<\/li>\n<li><a href=\"https:\/\/news.google.com\/rss\/articles\/CBMivgFBVV95cUxQR1Bvd3B4TjYtTldLS3Bsc0hHS3FrdWdvY2NVQ3lUMm80Q0tZNmpFNGxMbVpKemhXSEQ1aDdGalY0ZVMwSk1Cam9MbEEtcENJSGU1Sjh1V0hzTHJFaDIxS2xYeWpXLUZodDkySTI0QzMtS2hBaHNBVEdjendad0F4enpQVXBwNm5wSTBXM3lSRFQ1S1poT1FRNTduWXF6VnhYRXZIbzNnTnFlb1FqVkt4d2RSMGk2NUFEcU5Da3Rn?oc=5\" target=\"_blank\" rel=\"nofollow noopener\">Papa Le\u00e3o XIV: aromas das nossas casas nos falam daqueles que nos deixaram<\/a>&nbsp;&nbsp;ParaibaOnline<\/li>\n<\/ol>\n","protected":false},"excerpt":{"rendered":"Le\u00e3o XIV em ora\u00e7\u00e3o no t\u00famulo do Papa Francisco&nbsp;&nbsp;Vatican News Papa Le\u00e3o XIV reza missa por Francisco e&hellip;\n","protected":false},"author":2,"featured_media":139291,"comment_status":"","ping_status":"","sticky":false,"template":"","format":"standard","meta":{"footnotes":""},"categories":[50],"tags":[27,28,15,16,14,25,26,21,22,62,12,13,19,20,6666,12634,811,23,24,29396,17,18,29,30,31,63,64,65],"class_list":{"0":"post-139290","1":"post","2":"type-post","3":"status-publish","4":"format-standard","5":"has-post-thumbnail","7":"category-mundo","8":"tag-breaking-news","9":"tag-breakingnews","10":"tag-featured-news","11":"tag-featurednews","12":"tag-headlines","13":"tag-latest-news","14":"tag-latestnews","15":"tag-main-news","16":"tag-mainnews","17":"tag-mundo","18":"tag-news","19":"tag-noticias","20":"tag-noticias-principais","21":"tag-noticiasprincipais","22":"tag-oracao","23":"tag-papa-francisco","24":"tag-papa-leao-xiv","25":"tag-principais-noticias","26":"tag-principaisnoticias","27":"tag-santa-maria-maior","28":"tag-top-stories","29":"tag-topstories","30":"tag-ultimas","31":"tag-ultimas-noticias","32":"tag-ultimasnoticias","33":"tag-world","34":"tag-world-news","35":"tag-worldnews"},"share_on_mastodon":{"url":"https:\/\/pubeurope.com\/@pt\/115491778283734506","error":""},"_links":{"self":[{"href":"https:\/\/www.europesays.com\/pt\/wp-json\/wp\/v2\/posts\/139290","targetHints":{"allow":["GET"]}}],"collection":[{"href":"https:\/\/www.europesays.com\/pt\/wp-json\/wp\/v2\/posts"}],"about":[{"href":"https:\/\/www.europesays.com\/pt\/wp-json\/wp\/v2\/types\/post"}],"author":[{"embeddable":true,"href":"https:\/\/www.europesays.com\/pt\/wp-json\/wp\/v2\/users\/2"}],"replies":[{"embeddable":true,"href":"https:\/\/www.europesays.com\/pt\/wp-json\/wp\/v2\/comments?post=139290"}],"version-history":[{"count":0,"href":"https:\/\/www.europesays.com\/pt\/wp-json\/wp\/v2\/posts\/139290\/revisions"}],"wp:featuredmedia":[{"embeddable":true,"href":"https:\/\/www.europesays.com\/pt\/wp-json\/wp\/v2\/media\/139291"}],"wp:attachment":[{"href":"https:\/\/www.europesays.com\/pt\/wp-json\/wp\/v2\/media?parent=139290"}],"wp:term":[{"taxonomy":"category","embeddable":true,"href":"https:\/\/www.europesays.com\/pt\/wp-json\/wp\/v2\/categories?post=139290"},{"taxonomy":"post_tag","embeddable":true,"href":"https:\/\/www.europesays.com\/pt\/wp-json\/wp\/v2\/tags?post=139290"}],"curies":[{"name":"wp","href":"https:\/\/api.w.org\/{rel}","templated":true}]}}