{"id":139292,"date":"2025-11-04T13:58:50","date_gmt":"2025-11-04T13:58:50","guid":{"rendered":"https:\/\/www.europesays.com\/pt\/139292\/"},"modified":"2025-11-04T13:58:50","modified_gmt":"2025-11-04T13:58:50","slug":"familia-de-marisa-e-pedro-jorge-quebram-o-silencio-apos-acesa-discussao-do-casal-e-emitem-comunicado","status":"publish","type":"post","link":"https:\/\/www.europesays.com\/pt\/139292\/","title":{"rendered":"Fam\u00edlia de Marisa e Pedro Jorge &#8216;quebram o sil\u00eancio&#8217; ap\u00f3s acesa discuss\u00e3o do casal e emitem comunicado"},"content":{"rendered":"<p>\t\t\t\t\t\t\t\t\t\t\t\t<a href=\"#\" onclick=\"window.open('http:\/\/www.facebook.com\/sharer.php?u=https:\/\/cusquices.com\/familia-de-marisa-e-pedro-jorge-quebram-o-silencio-apos-acesa-discussao-do-casal-e-emitem-comunicado\/&amp;t=Fam\u00edlia de Marisa e Pedro Jorge \u2018quebram o sil\u00eancio\u2019 ap\u00f3s acesa discuss\u00e3o do casal e emitem comunicado', 'facebookShare', 'width=626,height=436'); return false;\" title=\"Share on Facebook\"><\/p>\n<p>Share<\/p>\n<p><\/a><br \/>\n\t\t\t\t\t\t\t\t\t\t\t\t<a href=\"#\" onclick=\"window.open('http:\/\/twitter.com\/share?text=Fam\u00edlia de Marisa e Pedro Jorge \u2018quebram o sil\u00eancio\u2019 ap\u00f3s acesa discuss\u00e3o do casal e emitem comunicado -&amp;url=https:\/\/cusquices.com\/familia-de-marisa-e-pedro-jorge-quebram-o-silencio-apos-acesa-discussao-do-casal-e-emitem-comunicado\/', 'twitterShare', 'width=626,height=436'); return false;\" title=\"Tweet This Post\"><\/p>\n<p>Tweet<\/p>\n<p><\/a><br \/>\n\t\t\t\t\t\t\t\t\t\t\t\t<a href=\"whatsapp:\/\/send?text=Fam\u00edlia de Marisa e Pedro Jorge \u2018quebram o sil\u00eancio\u2019 ap\u00f3s acesa discuss\u00e3o do casal e emitem comunicado https:\/\/cusquices.com\/familia-de-marisa-e-pedro-jorge-quebram-o-silencio-apos-acesa-discussao-do-casal-e-emitem-comunicado\/\" rel=\"nofollow\"><\/p>\n<p>Share<\/p>\n<p><\/a><br \/>\n\t\t\t\t\t\t\t\t\t\t\t\t<a href=\"#\" onclick=\"window.open('http:\/\/pinterest.com\/pin\/create\/button\/?url=https:\/\/cusquices.com\/familia-de-marisa-e-pedro-jorge-quebram-o-silencio-apos-acesa-discussao-do-casal-e-emitem-comunicado\/&amp;media=https:\/\/cusquices.com\/wp-content\/uploads\/2025\/11\/pedrojmarisa-1000x600.jpg&amp;description=Fam\u00edlia de Marisa e Pedro Jorge \u2018quebram o sil\u00eancio\u2019 ap\u00f3s acesa discuss\u00e3o do casal e emitem comunicado', 'pinterestShare', 'width=750,height=350'); return false;\" title=\"Pin This Post\"><\/p>\n<p>Share<\/p>\n<p><\/a><br \/>\n\t\t\t\t\t\t\t\t\t\t\t\t<a href=\"mailto:?subject=Fam\u00edlia de Marisa e Pedro Jorge \u2018quebram o sil\u00eancio\u2019 ap\u00f3s acesa discuss\u00e3o do casal e emitem comunicado&amp;BODY=I found this article interesting and thought of sharing it with you. Check it out: https:\/\/cusquices.com\/familia-de-marisa-e-pedro-jorge-quebram-o-silencio-apos-acesa-discussao-do-casal-e-emitem-comunicado\/\"><\/p>\n<p>Email<\/p>\n<p><\/a><br \/>\n\t\t\t\t\t\t\t\t\t\t\t\t\t\t\t\t\t\t\t\t\t\t\t\t\t\t\t\t\t\t\t\t\t\t\t\t\t\t\t\t\t\t\t\t\t\t\t\t\t\t\t\t\t<a href=\"https:\/\/cusquices.com\/familia-de-marisa-e-pedro-jorge-quebram-o-silencio-apos-acesa-discussao-do-casal-e-emitem-comunicado\/#respond\" rel=\"nofollow noopener\" target=\"_blank\"><\/p>\n<p>Fam\u00edlia de Marisa e Pedro reagem \u00e0 forte discuss\u00e3o do casal na casa mais vigiada do pa\u00eds.<\/p>\n<p>Esta segunda-feira, 3 de novembro, ficou marcada por um dos momentos mais tensos desta edi\u00e7\u00e3o da Casa dos Segredos. <strong>Pedro Jorge e Marisa<\/strong> envolveram-se uma forte discuss\u00e3o, motivada pelos ci\u00fames e repleta de trocas de acusa\u00e7\u00f5es e palavras feias. A situa\u00e7\u00e3o rapidamente saiu do controlo e <strong>Pedro Jorge<\/strong>, visivelmente exaltado, decidiu p\u00f4r fim ao relacionamento e chegou mesmo a amea\u00e7ar abandonar o programa.<\/p>\n<p>Durante o direto, os concorrentes foram expostos \u00e0s imagens da acesa discuss\u00e3o do casal, ainda que n\u00e3o saibam que os dois s\u00e3o um casal e Marisa ficou lavada em l\u00e1grimas.  Por sua vez, <strong>Pedro Jorge, <\/strong>mostrou-se abalado e pediu desculpa \u00e0 esposa. <\/p>\n<p>Ap\u00f3s o direto, Marisa mostrou-se magoada com Pedro Jorge e desabafou com v\u00e1rios colegas, onde fez duras cr\u00edticas e acusa\u00e7\u00f5es a Pedro. Por sua vez, Pedro isolou-se no exterior e foi apoiado apenas por Marisa Susana.<\/p>\n<p>A fam\u00edlia do casal j\u00e1 reagiu e emitiu um comunicado nas redes sociais: <strong>\u201cHoje foi um dia particularmente dif\u00edcil. A nossa Marisa e o nosso Pedro tiveram um momento menos feliz, marcado por palavras ditas a quente e por situa\u00e7\u00f5es que, fora daquele contexto, talvez nunca tivessem acontecido. Sabemos que dentro de um jogo como este as emo\u00e7\u00f5es est\u00e3o sempre no limite, e que a press\u00e3o, a exposi\u00e7\u00e3o e as din\u00e2micas criadas l\u00e1 dentro acabam por levar qualquer pessoa ao extremo.\u201d<\/strong><\/p>\n<p><strong>\u201c\u00c9 f\u00e1cil julgar de fora, tamb\u00e9m o sabemos, mas ningu\u00e9m, nem mesmo n\u00f3s, estamos dentro da cabe\u00e7a de nenhum deles para conseguirmos explicar o motivo das suas a\u00e7\u00f5es. O que queremos deixar claro \u00e9 que o Pedro e a Marisa constru\u00edram, c\u00e1 fora, uma fam\u00edlia bonita, com amor verdadeiro, respeito e cumplicidade. Isso n\u00e3o desaparece por causa de um momento de fraqueza.\u201d,<\/strong> salientou ainda a fam\u00edlia do casal.<\/p>\n<p>A fam\u00edlia dos concorrentes reagiu ainda as acusa\u00e7\u00f5es que Marisa fez a Pedro ap\u00f3s o direto:<strong> \u201cAs mais recentes palavras feitas pela Marisa, ditas num momento de dor e confus\u00e3o, em nada refletem o Pedro nem o homem, o pai e o companheiro que ele \u00e9. Quem o conhece sabe da pessoa justa, leal e boa que o Pedro sempre foi, dentro e fora de casa. E sabe tamb\u00e9m do amor bonito que ele e a Marisa constru\u00edram ao longo dos anos, com base em respeito, companheirismo e verdade.\u201d<\/strong><\/p>\n<p>A fam\u00edlia e amigos refor\u00e7am que continuam a apoiar ambos e a torcer por um final feliz: <strong>\u201cA fam\u00edlia e os amigos continuam aqui, firmes, a torcer, a apoiar e tamb\u00e9m a sofrer com eles, queremos que tenham isso ciente. Pedimos apenas empatia e compreens\u00e3o. A todas as mensagens que nos chegam, brigado, mas \u00e9 tempo de todos respirarmos. Porque o amor, mesmo ferido, continua a ser amor.\u201d<\/strong><\/p>\n<p><img loading=\"lazy\" decoding=\"async\" width=\"1024\" height=\"682\" src=\"https:\/\/www.europesays.com\/pt\/wp-content\/uploads\/2025\/11\/pemar2-1024x682.png\" alt=\"\" class=\"wp-image-99909 webpexpress-processed\"  \/><\/p>\n<p><img loading=\"lazy\" decoding=\"async\" width=\"1024\" height=\"675\" src=\"https:\/\/www.europesays.com\/pt\/wp-content\/uploads\/2025\/11\/pemar1-1024x675.png\" alt=\"\" class=\"wp-image-99906 webpexpress-processed\"  \/><\/p>\n<p>\t\t\t\t\t\t\t\t\t\t\t\t\t\t\t\t\t\t\t\t\t\t\t\t\t<img decoding=\"async\" src=\"https:\/\/www.europesays.com\/pt\/wp-content\/uploads\/2025\/10\/cusquices-logo-52x.png\" class=\"webpexpress-processed\"\/><\/p>\n<p>\t\t\t\t\t\t\t\t\t\t\t\t\t\t\t\t\t\t\t\t\t            \t\t\t\t\t\t\t\t\t\t\t\t\t\t\t\t\t\t\t\t\t\t\t\t\t\t\t\t\t\t\t\t\t\t\t\t\t\t\t<script async src=\"https:\/\/platform.twitter.com\/widgets.js\" charset=\"utf-8\"><\/script><\/p>\n","protected":false},"excerpt":{"rendered":"Share Tweet Share Share Email Fam\u00edlia de Marisa e Pedro reagem \u00e0 forte discuss\u00e3o do casal na casa&hellip;\n","protected":false},"author":2,"featured_media":138065,"comment_status":"","ping_status":"","sticky":false,"template":"","format":"standard","meta":{"footnotes":""},"categories":[8],"tags":[27,28,2632,49,15,16,14,25,26,21,22,19184,12,13,19,20,14646,32,23,24,33,17,18,29,30,31],"class_list":{"0":"post-139292","1":"post","2":"type-post","3":"status-publish","4":"format-standard","5":"has-post-thumbnail","7":"category-principais-noticias","8":"tag-breaking-news","9":"tag-breakingnews","10":"tag-casa-dos-segredos","11":"tag-destaques","12":"tag-featured-news","13":"tag-featurednews","14":"tag-headlines","15":"tag-latest-news","16":"tag-latestnews","17":"tag-main-news","18":"tag-mainnews","19":"tag-marisa","20":"tag-news","21":"tag-noticias","22":"tag-noticias-principais","23":"tag-noticiasprincipais","24":"tag-pedro","25":"tag-portugal","26":"tag-principais-noticias","27":"tag-principaisnoticias","28":"tag-pt","29":"tag-top-stories","30":"tag-topstories","31":"tag-ultimas","32":"tag-ultimas-noticias","33":"tag-ultimasnoticias"},"share_on_mastodon":{"url":"https:\/\/pubeurope.com\/@pt\/115491790303833010","error":""},"_links":{"self":[{"href":"https:\/\/www.europesays.com\/pt\/wp-json\/wp\/v2\/posts\/139292","targetHints":{"allow":["GET"]}}],"collection":[{"href":"https:\/\/www.europesays.com\/pt\/wp-json\/wp\/v2\/posts"}],"about":[{"href":"https:\/\/www.europesays.com\/pt\/wp-json\/wp\/v2\/types\/post"}],"author":[{"embeddable":true,"href":"https:\/\/www.europesays.com\/pt\/wp-json\/wp\/v2\/users\/2"}],"replies":[{"embeddable":true,"href":"https:\/\/www.europesays.com\/pt\/wp-json\/wp\/v2\/comments?post=139292"}],"version-history":[{"count":0,"href":"https:\/\/www.europesays.com\/pt\/wp-json\/wp\/v2\/posts\/139292\/revisions"}],"wp:featuredmedia":[{"embeddable":true,"href":"https:\/\/www.europesays.com\/pt\/wp-json\/wp\/v2\/media\/138065"}],"wp:attachment":[{"href":"https:\/\/www.europesays.com\/pt\/wp-json\/wp\/v2\/media?parent=139292"}],"wp:term":[{"taxonomy":"category","embeddable":true,"href":"https:\/\/www.europesays.com\/pt\/wp-json\/wp\/v2\/categories?post=139292"},{"taxonomy":"post_tag","embeddable":true,"href":"https:\/\/www.europesays.com\/pt\/wp-json\/wp\/v2\/tags?post=139292"}],"curies":[{"name":"wp","href":"https:\/\/api.w.org\/{rel}","templated":true}]}}