{"id":139301,"date":"2025-11-04T14:06:15","date_gmt":"2025-11-04T14:06:15","guid":{"rendered":"https:\/\/www.europesays.com\/pt\/139301\/"},"modified":"2025-11-04T14:06:15","modified_gmt":"2025-11-04T14:06:15","slug":"prefeitura-mantem-controle-da-dengue-na-ultima-adl-de-2025","status":"publish","type":"post","link":"https:\/\/www.europesays.com\/pt\/139301\/","title":{"rendered":"Prefeitura mant\u00e9m controle da dengue na \u00faltima ADL de 2025"},"content":{"rendered":"<p>&#13;<br \/>\n                        <b>Claudio Ferreira Ribeiro<\/b><br \/>&#13;<br \/>\n                Sa\u00fade&#13;\n            <\/p>\n<p dir=\"ltr\">Colaborou o estagi\u00e1rio V\u00edtor Burgatti<\/p>\n<p dir=\"ltr\">A Prefeitura de S\u00e3o Jos\u00e9 dos Campos concluiu a quarta e \u00faltima Avalia\u00e7\u00e3o de Densidade Larv\u00e1ria (ADL) de 2025 com resultado satisfat\u00f3rio nos indicadores de infesta\u00e7\u00e3o do mosquito Aedes aegypti, transmissor da dengue, zika e chikungunya.<\/p>\n<p dir=\"ltr\">O \u00cdndice Breteau (IB), que mede a presen\u00e7a de larvas do inseto em recipientes com \u00e1gua parada, j\u00e1 havia diminu\u00eddo de 1,23 para 0,33 entre maio e julho, uma queda de mais de 70%. Agora, est\u00e1 em 0,5. Isso significa que foram encontrados 5 focos do mosquito a cada mil im\u00f3veis vistoriados.<\/p>\n<p dir=\"ltr\">O levantamento \u00e9 feito por agentes de combate \u00e0s endemias e exclui im\u00f3veis desabitados, terrenos baldios, pra\u00e7as e \u00e1reas verdes. Ao todo, foram vistoriados 18.357 im\u00f3veis em 3.166 quarteir\u00f5es, abrangendo as 42 \u00e1reas urbanas do munic\u00edpio, das quais 35 foram classificadas como satisfat\u00f3rias (\u00edndice at\u00e9 0,99), 7 em estado de alerta (\u00edndice entre 1 e 3,9) e nenhuma em risco (\u00edndice acima de 3,9). Acesse a lista completa com os bairros.<\/p>\n<p dir=\"ltr\">Os n\u00fameros s\u00e3o considerados positivos e confirmam a efic\u00e1cia das a\u00e7\u00f5es preventivas desenvolvidas ao longo do ano pela Prefeitura, com apoio da popula\u00e7\u00e3o.<\/p>\n<p dir=\"ltr\">Desde a primeira ADL, diversas medidas de controle e preven\u00e7\u00e3o foram intensificadas em todas as regi\u00f5es do munic\u00edpio, com redu\u00e7\u00e3o de focos do mosquito, mobiliza\u00e7\u00e3o social, uso de tecnologia e visitas domiciliares.<\/p>\n<p dir=\"ltr\">Enfrentamento cont\u00ednuo<\/p>\n<p dir=\"ltr\">Com base nos dados da <a rel=\"noopener nofollow\" href=\"https:\/\/www.sjc.sp.gov.br\/noticias\/2025\/setembro\/30\/prefeitura-realiza-4%C2%AA-adl-do-ano-em-outubro\/\" target=\"_blank\" title=\"Avalia\u00e7\u00e3o de Densidade Larv\u00e1ria (ADL)\">Avalia\u00e7\u00e3o de Densidade Larv\u00e1ria (ADL)<\/a>, a Prefeitura avalia e ajusta as medidas adotadas, redirecionando a\u00e7\u00f5es conforme a necessidade de cada regi\u00e3o. Apesar da <a rel=\"noopener nofollow\" href=\"https:\/\/www.sjc.sp.gov.br\/noticias\/2025\/junho\/30\/prefeitura-homenageia-servidores-e-reforca-combate-a-dengue\/\" target=\"_blank\" title=\"diminui\u00e7\u00e3o expressiva nos casos em compara\u00e7\u00e3o com o ano passado\">diminui\u00e7\u00e3o expressiva nos casos em compara\u00e7\u00e3o com o ano passado<\/a>, o combate \u00e0 dengue segue firme no munic\u00edpio.<\/p>\n<p dir=\"ltr\">A\u00a0<a rel=\"noopener nofollow\" href=\"https:\/\/www.sjc.sp.gov.br\/servicos\/saude\/campanha-contra-a-dengue\/programacao\/\" target=\"_blank\" title=\"programa\u00e7\u00e3o\">programa\u00e7\u00e3o<\/a> das atividades di\u00e1rias pode ser acompanhada pelo site da Prefeitura.\u00a0Com a chegada da primavera e o aumento das temperaturas, \u00e9 fundamental que os moradores mantenham os cuidados dentro de casa e sejam cordiais com os agentes, deixando-os entrar para verificar os poss\u00edveis criadouros. Eles est\u00e3o atuando para garantir a sa\u00fade de todos.<\/p>\n<p dir=\"ltr\">Em caso de d\u00favidas sobre a identifica\u00e7\u00e3o, os profissionais est\u00e3o sempre uniformizados e com crach\u00e1 da Prefeitura. Os <a rel=\"noopener nofollow\" href=\"https:\/\/ccz.sjc.sp.gov.br\/agentesccz.php?pag=1\" target=\"_blank\" title=\"registros tamb\u00e9m podem ser consultados online\" data-anchor=\"?pag=1\">registros tamb\u00e9m podem ser consultados online<\/a>, a partir do nome ou matr\u00edcula.<\/p>\n<p dir=\"ltr\">Confira as <a rel=\"noopener nofollow\" href=\"https:\/\/www.sjc.sp.gov.br\/servicos\/saude\/campanha-contra-a-dengue\/dengue\/\" target=\"_blank\" title=\"orienta\u00e7\u00f5es\">orienta\u00e7\u00f5es<\/a> para eliminar focos do mosquito e ao identificar qualquer poss\u00edvel foco do mosquito, entre em contato pela Central 156 (telefone, site e aplicativo).<\/p>\n<p>&#13;<br \/>\n                    <strong>MAIS NOT\u00cdCIAS<\/strong><br \/>&#13;<br \/>\n                    <a href=\"https:\/\/www.sjc.sp.gov.br\/noticias\/?tema=13\" rel=\"nofollow noopener\" target=\"_blank\">Sa\u00fade<\/a>&#13;\n                <\/p>\n","protected":false},"excerpt":{"rendered":"&#13; Claudio Ferreira Ribeiro&#13; Sa\u00fade&#13; Colaborou o estagi\u00e1rio V\u00edtor Burgatti A Prefeitura de S\u00e3o Jos\u00e9 dos Campos concluiu&hellip;\n","protected":false},"author":2,"featured_media":139302,"comment_status":"","ping_status":"","sticky":false,"template":"","format":"standard","meta":{"footnotes":""},"categories":[86],"tags":[1300,116,3048,32,3046,33,3049,117,3047],"class_list":{"0":"post-139301","1":"post","2":"type-post","3":"status-publish","4":"format-standard","5":"has-post-thumbnail","7":"category-saude","8":"tag-cidade","9":"tag-health","10":"tag-online","11":"tag-portugal","12":"tag-prefeitura","13":"tag-pt","14":"tag-so-jos-dos-campos","15":"tag-saude","16":"tag-servios"},"share_on_mastodon":{"url":"https:\/\/pubeurope.com\/@pt\/115491817604550890","error":""},"_links":{"self":[{"href":"https:\/\/www.europesays.com\/pt\/wp-json\/wp\/v2\/posts\/139301","targetHints":{"allow":["GET"]}}],"collection":[{"href":"https:\/\/www.europesays.com\/pt\/wp-json\/wp\/v2\/posts"}],"about":[{"href":"https:\/\/www.europesays.com\/pt\/wp-json\/wp\/v2\/types\/post"}],"author":[{"embeddable":true,"href":"https:\/\/www.europesays.com\/pt\/wp-json\/wp\/v2\/users\/2"}],"replies":[{"embeddable":true,"href":"https:\/\/www.europesays.com\/pt\/wp-json\/wp\/v2\/comments?post=139301"}],"version-history":[{"count":0,"href":"https:\/\/www.europesays.com\/pt\/wp-json\/wp\/v2\/posts\/139301\/revisions"}],"wp:featuredmedia":[{"embeddable":true,"href":"https:\/\/www.europesays.com\/pt\/wp-json\/wp\/v2\/media\/139302"}],"wp:attachment":[{"href":"https:\/\/www.europesays.com\/pt\/wp-json\/wp\/v2\/media?parent=139301"}],"wp:term":[{"taxonomy":"category","embeddable":true,"href":"https:\/\/www.europesays.com\/pt\/wp-json\/wp\/v2\/categories?post=139301"},{"taxonomy":"post_tag","embeddable":true,"href":"https:\/\/www.europesays.com\/pt\/wp-json\/wp\/v2\/tags?post=139301"}],"curies":[{"name":"wp","href":"https:\/\/api.w.org\/{rel}","templated":true}]}}