{"id":139303,"date":"2025-11-04T14:10:16","date_gmt":"2025-11-04T14:10:16","guid":{"rendered":"https:\/\/www.europesays.com\/pt\/139303\/"},"modified":"2025-11-04T14:10:16","modified_gmt":"2025-11-04T14:10:16","slug":"perdi-tudo-unico-sobrevivente-de-desastre-aereo-na-india-observador","status":"publish","type":"post","link":"https:\/\/www.europesays.com\/pt\/139303\/","title":{"rendered":"&#8220;Perdi tudo&#8221;. \u00danico sobrevivente de desastre a\u00e9reo na \u00cdndia \u2013 Observador"},"content":{"rendered":"<p>Vishwash Kumar Ramesh n\u00e3o consegue esquecer aquela viagem de 12 de junho de 2025, quando o avi\u00e3o em que seguia, com mais de duas centenas de pessoas, se despenhou em Ahmedabad, na \u00cdndia. O homem de 39 anos, que tinha a companhia do irm\u00e3o no voo, foi o \u00fanico sobrevivente. \u201cEu tenho mem\u00f3rias constantemente. Estou sempre acordado. Durmo cerca de tr\u00eas a quatro horas. Sim, \u00e9 um milagre eu ter sobrevivido, mas eu perdi tudo. Perdi o meu irm\u00e3o, estou destro\u00e7ado\u201d, escreveu o brit\u00e2nico num comunicado citado pelo <a href=\"https:\/\/www.theguardian.com\/world\/2025\/nov\/03\/sole-survivor-of-air-india-crash-says-death-of-brother-took-all-my-happiness\" rel=\"nofollow noopener\" target=\"_blank\">Guardian<\/a>.<\/p>\n<p>Quase quatro meses depois do desastre a\u00e9reo, o \u00fanico sobrevivente admite que a morte do seu irm\u00e3o \u201cdestruiu completamente\u201d a sua fam\u00edlia. \u201cDeus deu-me a vida, mas levou-me, e \u00e0 minha fam\u00edlia, toda a felicidade\u201d.<\/p>\n<p>O Boeing 787-8 (que seguia de Ahmedabad para Londres) despenhou-se numa zona residencial pouco depois de descolar, colidindo tamb\u00e9m com uma universidade de medicina. Al\u00e9m dos 229 passageiros \u2013 169 indianos, 52 brit\u00e2nicos, sete portugueses, um canadiano \u2014, 12 tripulantes e dezenas de pessoas (em terra) morreram na sequ\u00eancia deste acidente: 260, no total.<\/p>\n<p>Vishwash, que estava sentado junto a uma sa\u00edda de emerg\u00eancia na parte da frente do avi\u00e3o, foi o \u00fanico sobrevivente. Hoje, continua com dificuldades em falar sobre o que aconteceu, admitindo a dor de recordar a primeira mem\u00f3ria depois da queda. Segundo o comunicado preparado com apoio de conselheiros, ainda nem conseguiu falar sobre esse momento com os mais pr\u00f3ximos.<\/p>\n<p>\u201cA minha fam\u00edlia tem-me dado um bom apoio. A minha m\u00e3e, o meu pai e o meu irm\u00e3o mais novo ficaram destro\u00e7ados, mentalmente. E tamb\u00e9m eu \u2014 mentalmente e fisicamente. O meu tio, o meu primo, os meus amigos, [os conselheiros] Sanjiv, Radd \u2014 est\u00e3o sempre comigo\u201d.<\/p>\n<p>\u201cN\u00e3o estou a falar muito com a minha fam\u00edlia. Estou no meu quarto, sozinho. N\u00e3o gosto de falar demasiado. Estou sentado na minha cama a pensar. Perdi o meu irm\u00e3o, 35 anos. Estou a lutar todos os dias\u201d. Os investigadores conseguiram recuperar as duas caixas negras do avi\u00e3o, que registam as conversas no cockpit e os par\u00e2metros t\u00e9cnicos do voo. Segundo os primeiros dados, o piloto emitiu um aviso de emerg\u00eancia logo ap\u00f3s a descolagem.<\/p>\n<blockquote class=\"wp-embedded-content\" data-secret=\"mOozfvKWtf\">\n<p><a href=\"https:\/\/observador.pt\/2025\/07\/11\/corte-de-combustivel-os-edificios-danificados-e-a-comunicacao-entre-pilotos-o-que-revela-a-investigacao-ao-acidente-do-aviao-da-air-india\/\" rel=\"nofollow noopener\" target=\"_blank\">Corte de combust\u00edvel, os edif\u00edcios danificados e a comunica\u00e7\u00e3o entre pilotos. O que revela a investiga\u00e7\u00e3o ao acidente do avi\u00e3o da Air India?<\/a><\/p>\n<\/blockquote>\n<p>Depois de terem sido revelados os <a href=\"https:\/\/observador.pt\/2025\/07\/11\/corte-de-combustivel-os-edificios-danificados-e-a-comunicacao-entre-pilotos-o-que-revela-a-investigacao-ao-acidente-do-aviao-da-air-india\/\" rel=\"nofollow noopener\" target=\"_blank\">primeiros detalhes da investiga\u00e7\u00e3o<\/a>, o gabinete indiano respons\u00e1vel disse que a resposta definitiva poderia demorar \u201cmeses, ou at\u00e9 anos\u201d a chegar.<\/p>\n<p><strong>[Chegou\u00a0<\/strong><b>o hist\u00f3rico debate entre Soares e Freitas. E o socialista j\u00e1 conseguiu o voto dos\u00a0<\/b><b>comunistas sem \u201colhar para\u00a0o retrato\u201d dele<\/b>.\u00a0<strong>A\u00a0<a href=\"https:\/\/observador.pt\/programas\/a-eleio-mais-louca-de-sempre\/episodio-5-uma-armadilha-em-direto\/\" rel=\"nofollow noopener\" target=\"_blank\">\u201cElei\u00e7\u00e3o Mais Louca de Sempre\u201d<\/a>\u00a0\u00e9 o novo Podcast Plus do Observador sobre as Presidenciais de 1986. Uma s\u00e9rie narrada pelo ator Gon\u00e7alo Waddington, com banda sonora original de Samuel \u00daria. Pode ouvir\u00a0<a href=\"https:\/\/observador.pt\/programas\/a-eleio-mais-louca-de-sempre\/episodio-5-uma-armadilha-em-direto\/\" rel=\"nofollow noopener\" target=\"_blank\">aqui<\/a>, no\u00a0Observador, e tamb\u00e9m na\u00a0<a href=\"https:\/\/podcasts.apple.com\/pt\/podcast\/epis%C3%B3dio-5-uma-armadilha-em-direto\/id1841273464?i=1000733759807\" rel=\"nofollow noopener\" target=\"_blank\">Apple Podcasts<\/a>, no\u00a0<a href=\"https:\/\/open.spotify.com\/episode\/28mDVafMTtrt5QAwWYdye2?si=c6e9dabb29734f15\" rel=\"nofollow noopener\" target=\"_blank\">Spotify<\/a>\u00a0e no\u00a0<a href=\"https:\/\/music.youtube.com\/watch?v=78x1Dlhn7v4&amp;si=O1yv2xMDjId6CreQ\" rel=\"nofollow noopener\" target=\"_blank\">Youtube Music<\/a>. E pode ouvir o primeiro epis\u00f3dio\u00a0<a href=\"https:\/\/observador.pt\/programas\/a-eleio-mais-louca-de-sempre\/estreia-a-eleicao-mais-louca-de-sempre-episodio-1-apostamos-no-cavalo-errado\/\" target=\"_blank\" rel=\"noopener nofollow\">aqui<\/a>,\u00a0o segundo\u00a0<a href=\"https:\/\/observador.pt\/programas\/a-eleio-mais-louca-de-sempre\/episodio-2-uma-traicao-inesperada\/\" target=\"_blank\" rel=\"noopener nofollow\">aqui<\/a>,\u00a0o terceiro\u00a0<a href=\"https:\/\/observador.pt\/programas\/a-eleio-mais-louca-de-sempre\/episodio-3-ele-nao-e-meu-irmao\/\" rel=\"nofollow noopener\" target=\"_blank\">aqui<\/a>\u00a0e o\u00a0<a href=\"https:\/\/observador.pt\/programas\/a-eleio-mais-louca-de-sempre\/episodio-4-portugal-nao-e-moscovo\/\" rel=\"nofollow noopener\" target=\"_blank\">quarto<\/a>\u00a0aqui]<\/strong><\/p>\n<p><a href=\"https:\/\/observador.pt\/programas\/a-eleio-mais-louca-de-sempre\/episodio-5-uma-armadilha-em-direto\/\" target=\"_blank\" rel=\"noopener nofollow\"><\/p>\n<p>        <img src=\"https:\/\/www.europesays.com\/pt\/wp-content\/uploads\/2025\/10\/1761878958_488_770-a-eleicao-mais-louca-de-sempre-playicon.png\" alt=\"\" loading=\"lazy\" decoding=\"async\" class=\"gmail-CToWUd alignnone\" onload=\"this.parentElement.classList.remove('spinner')\" onerror=\"this.parentElement.classList.remove('spinner')\" width=\"770\" height=\"433\"\/>    <\/p>\n<p><\/a><\/p>\n","protected":false},"excerpt":{"rendered":"Vishwash Kumar Ramesh n\u00e3o consegue esquecer aquela viagem de 12 de junho de 2025, quando o avi\u00e3o em&hellip;\n","protected":false},"author":2,"featured_media":139304,"comment_status":"","ping_status":"","sticky":false,"template":"","format":"standard","meta":{"footnotes":""},"categories":[50],"tags":[1320,5329,27,28,15,16,14,25,26,21,22,62,12,13,19,20,23,24,58,17,18,3546,4498,29,30,31,63,64,65],"class_list":{"0":"post-139303","1":"post","2":"type-post","3":"status-publish","4":"format-standard","5":"has-post-thumbnail","7":"category-mundo","8":"tag-aviau00e7u00e3o","9":"tag-boeing","10":"tag-breaking-news","11":"tag-breakingnews","12":"tag-featured-news","13":"tag-featurednews","14":"tag-headlines","15":"tag-latest-news","16":"tag-latestnews","17":"tag-main-news","18":"tag-mainnews","19":"tag-mundo","20":"tag-news","21":"tag-noticias","22":"tag-noticias-principais","23":"tag-noticiasprincipais","24":"tag-principais-noticias","25":"tag-principaisnoticias","26":"tag-sociedade","27":"tag-top-stories","28":"tag-topstories","29":"tag-u00c1sia","30":"tag-u00cdndia","31":"tag-ultimas","32":"tag-ultimas-noticias","33":"tag-ultimasnoticias","34":"tag-world","35":"tag-world-news","36":"tag-worldnews"},"share_on_mastodon":{"url":"https:\/\/pubeurope.com\/@pt\/115491833517995696","error":""},"_links":{"self":[{"href":"https:\/\/www.europesays.com\/pt\/wp-json\/wp\/v2\/posts\/139303","targetHints":{"allow":["GET"]}}],"collection":[{"href":"https:\/\/www.europesays.com\/pt\/wp-json\/wp\/v2\/posts"}],"about":[{"href":"https:\/\/www.europesays.com\/pt\/wp-json\/wp\/v2\/types\/post"}],"author":[{"embeddable":true,"href":"https:\/\/www.europesays.com\/pt\/wp-json\/wp\/v2\/users\/2"}],"replies":[{"embeddable":true,"href":"https:\/\/www.europesays.com\/pt\/wp-json\/wp\/v2\/comments?post=139303"}],"version-history":[{"count":0,"href":"https:\/\/www.europesays.com\/pt\/wp-json\/wp\/v2\/posts\/139303\/revisions"}],"wp:featuredmedia":[{"embeddable":true,"href":"https:\/\/www.europesays.com\/pt\/wp-json\/wp\/v2\/media\/139304"}],"wp:attachment":[{"href":"https:\/\/www.europesays.com\/pt\/wp-json\/wp\/v2\/media?parent=139303"}],"wp:term":[{"taxonomy":"category","embeddable":true,"href":"https:\/\/www.europesays.com\/pt\/wp-json\/wp\/v2\/categories?post=139303"},{"taxonomy":"post_tag","embeddable":true,"href":"https:\/\/www.europesays.com\/pt\/wp-json\/wp\/v2\/tags?post=139303"}],"curies":[{"name":"wp","href":"https:\/\/api.w.org\/{rel}","templated":true}]}}