{"id":139339,"date":"2025-11-04T14:44:07","date_gmt":"2025-11-04T14:44:07","guid":{"rendered":"https:\/\/www.europesays.com\/pt\/139339\/"},"modified":"2025-11-04T14:44:07","modified_gmt":"2025-11-04T14:44:07","slug":"quem-e-poliana-amiga-de-suzane-von-richthofen-em-tremembe-gzh","status":"publish","type":"post","link":"https:\/\/www.europesays.com\/pt\/139339\/","title":{"rendered":"Quem \u00e9 Poliana, amiga de Suzane von Richthofen em &quot;Trememb\u00e9&quot; &#8211; GZH"},"content":{"rendered":"<ol>\n<li><a href=\"https:\/\/news.google.com\/rss\/articles\/CBMi2gFBVV95cUxQSFF1TFF4M2RIbHRFLThvY2tDdXZOY2VYcE41Z21TX1QwU3ctR0kyMFpja2dCV1RGRlVpZHBkU2pJc1NMcENUc3Vad2tJdzRBWGtzLXdvWDNGVGZ5QUg5aXRGZEd3MjVTZ1pueFRUVlAwUmk3b1Qzd0tCNGR6ay1RQXpPOVdIbWFBUlZyX2JNMXpoa0ZBc0lFTVNabkFsMEpJb3paNy1qYTltbV9oX3ZjM2kwMmpqeHN2TDFRTjJJZnRabENqNWNOUThYaVlzc3l0WnYxTnI3MUQ4UQ?oc=5\" target=\"_blank\" rel=\"nofollow noopener\">Quem \u00e9 Poliana, amiga de Suzane von Richthofen em &#8220;Trememb\u00e9&#8221;<\/a>&nbsp;&nbsp;GZH<\/li>\n<li><a href=\"https:\/\/news.google.com\/rss\/articles\/CBMi7wFBVV95cUxNaGFjQVJmWkNDNzA1UVJHaEF5TUpZZF9hS1FBbVUzaTY2RnY4NGMyOVdoTmZKRl9sOG9MNWRUNXhBekRVbzV3QzdjcFkyeGp1UTNHNG5hVmhBb0RyV3pDaWdtdUwxTmU5M0lDMm9malBYVG5zRlNMVEtCVXZPREpHVDF6R3FQUEhORFFxN0FIU3lCdkpaM0h4dGZFemQ0YzZMN1BDdEhmLWlaYWo5RjRWaDhLMmZGRDJqMk8yNXFYcGMtNVdlVWtlOXdjWGQycUQ4ZmRSTU14Q1B3RjJrUFNNTTY4d3pGR3U0QUF1TjZjd9IB9AFBVV95cUxOYkRUbFV6c2NqRnU2RlRVQUlUQnBGeWhQMEljWDNMV09nRGxvU2pMVnlnRGhlSnUxcU9wRFFOb0p5Y1lIVDFpOU5QOHVvdFdVVG5pNmZTbXk5dC1mVkVqSFY0RHR2d3lRTzgwOTcxT3ZMVVQ5N0NDWTVDZU1GOVVUSk5lWFZPSTBTSTFHd1hQRi1ETVVmeW5QVV9fMlZNVW5CdjQ5cHl6T0l6S0RNa2VraTNtWEVRMWdkTHcyeTU0QTVnaHJnV2pwNjV5UElLa2hVOWdqLVF1NFRIY1Jtczl4cUtsUWhRU0pXTDZTNC0tSlhqcm1o?oc=5\" target=\"_blank\" rel=\"nofollow noopener\">A hist\u00f3ria real de Poliana em Trememb\u00e9: o crime que chocou at\u00e9 ped\u00f3filos na internet<\/a>&nbsp;&nbsp;Correio Braziliense<\/li>\n<li><a href=\"https:\/\/news.google.com\/rss\/articles\/CBMiuAFBVV95cUxNZmNKRlZlU29MclJPN2lKQThiZW05RlpUTFBIdWZsU09KUWdUOXBGX3VKY0tpU1NKUW93RF9rVGRLN3pHdy1vcmxMSGVOc1ZiTjJoRUlOM0VjcHFQVm0xRlg4VWU0c1RjeGE1Rjc2ck9CdnYzbXg1QTZjcDRSSmRFNnMzOVQtaGFnLWd3RHZKOWF4dndqOUdYUXB0dDlaMnZFSFhtcFZGUWh2VXlHSmJqVEdQSGxjQUo4?oc=5\" target=\"_blank\" rel=\"nofollow noopener\">Trememb\u00e9: novos detalhes do romance de Cristian Cravinhos v\u00eam \u00e0 tona<\/a>&nbsp;&nbsp;Metr\u00f3poles<\/li>\n<li><a href=\"https:\/\/news.google.com\/rss\/articles\/CBMiygFBVV95cUxQWnFqdU5zbFVSMmRmeGRSdE9kMDI1WlplbjBwbEpVNk81LTROdmxicTQyNW1NYVFKUUZwaTFpS0lMQ1dVLThNd2lQY0ZOSnBQWFh3OUNUaFdSNmgzb0NrRXBTcERhZGE3UWV5QkVTaXByMERVUHBPaGdrUlFuanZzVF9VcU4xYVlscWxyZkpZclo0Q2JTU3BZQnBzWmhETzk1SW5FXzhyTWFWNUxETFdhT1lpRWpXMmwzQnVuN2xXczl3OW1FUWctczlB0gHYAUFVX3lxTE9EMkE1ZDZ6bnNlUDFESFF0djY1aWVHUmR0M3cyejBJUzN2OGZ1R21uTWJ0bC0yN2tycERuMEctRXhFM1l0czI1S0hTWm5HZ0xIaXdrY0FseGhMSWNpUmdLR2ZFX1FFY1A0c3dDOUd4RlVKRjdkUEdvcVFYTGdvd2x1X2V5emFSaGNXcWpKazFrT19zRlAyZGp4am1kR2huOC1jQS0wa3d2QnV2S0xqSDc1ZkJjSWREeENzNU9uOGNtZFNqcC1VSDhSTlRyVXBQSVNXdlNKdUZSTA?oc=5\" target=\"_blank\" rel=\"nofollow noopener\">M\u00e3e de Isabella Nardoni explica por que se recusa a ver Trememb\u00e9: &#8216;Me preocupa&#8217;<\/a>&nbsp;&nbsp;noticiasdatv.uol.com.br<\/li>\n<li><a href=\"https:\/\/news.google.com\/rss\/articles\/CBMiowFBVV95cUxQYWZIdFdqTENMdjBVUjhrUlQ0MVNCYWtGdERTX0xlTlpKMVVzZzl3MVhyQ1ZXRjBYdERxUEh1b1RNbGpBVk5scmwtQ2ktVUN3UkZkemJFVmhSZWVCRk5PYXBrclNCdUZ0SWtBUzlHdGtudjgtX2t6ZjJZMlJma2Jfdk1sUEVpNkpucEQzUnVFRkRoRmNBRmYyVTVTekY2aHQ4UlJV0gGoAUFVX3lxTE1HU1lDZ0VLMnl1X19waGZscUtGd0gwdWota0pNMDhJY0hiT0dxcmgtZnYwZEp0am5NZUZ3N0VBN1ZSMHoyYXRVWmdpS3lHVDJxVmViblRzVi1vaExjVlkwa09wOGxqSTktN0I5b0o1MXRPaXV2NDBhNHpCcGoyajJkdXpqSGgyRUNhZ1N6ZWduWGlMVHZUUHRMZGJoNWtDa3V4QmNLVy1QYw?oc=5\" target=\"_blank\" rel=\"nofollow noopener\">Trememb\u00e9: condenados por matar os pais ou c\u00f4njuges t\u00eam direito \u00e0 heran\u00e7a?<\/a>&nbsp;&nbsp;InfoMoney<\/li>\n<\/ol>\n","protected":false},"excerpt":{"rendered":"Quem \u00e9 Poliana, amiga de Suzane von Richthofen em &#8220;Trememb\u00e9&#8221;&nbsp;&nbsp;GZH A hist\u00f3ria real de Poliana em Trememb\u00e9: o&hellip;\n","protected":false},"author":2,"featured_media":139340,"comment_status":"","ping_status":"","sticky":false,"template":"","format":"standard","meta":{"footnotes":""},"categories":[142],"tags":[937,114,115,32,33,3022,151],"class_list":{"0":"post-139339","1":"post","2":"type-post","3":"status-publish","4":"format-standard","5":"has-post-thumbnail","7":"category-tv","8":"tag-amazon-prime-video","9":"tag-entertainment","10":"tag-entretenimento","11":"tag-portugal","12":"tag-pt","13":"tag-trends","14":"tag-tv"},"share_on_mastodon":{"url":"https:\/\/pubeurope.com\/@pt\/115491967014259098","error":""},"_links":{"self":[{"href":"https:\/\/www.europesays.com\/pt\/wp-json\/wp\/v2\/posts\/139339","targetHints":{"allow":["GET"]}}],"collection":[{"href":"https:\/\/www.europesays.com\/pt\/wp-json\/wp\/v2\/posts"}],"about":[{"href":"https:\/\/www.europesays.com\/pt\/wp-json\/wp\/v2\/types\/post"}],"author":[{"embeddable":true,"href":"https:\/\/www.europesays.com\/pt\/wp-json\/wp\/v2\/users\/2"}],"replies":[{"embeddable":true,"href":"https:\/\/www.europesays.com\/pt\/wp-json\/wp\/v2\/comments?post=139339"}],"version-history":[{"count":0,"href":"https:\/\/www.europesays.com\/pt\/wp-json\/wp\/v2\/posts\/139339\/revisions"}],"wp:featuredmedia":[{"embeddable":true,"href":"https:\/\/www.europesays.com\/pt\/wp-json\/wp\/v2\/media\/139340"}],"wp:attachment":[{"href":"https:\/\/www.europesays.com\/pt\/wp-json\/wp\/v2\/media?parent=139339"}],"wp:term":[{"taxonomy":"category","embeddable":true,"href":"https:\/\/www.europesays.com\/pt\/wp-json\/wp\/v2\/categories?post=139339"},{"taxonomy":"post_tag","embeddable":true,"href":"https:\/\/www.europesays.com\/pt\/wp-json\/wp\/v2\/tags?post=139339"}],"curies":[{"name":"wp","href":"https:\/\/api.w.org\/{rel}","templated":true}]}}