{"id":139351,"date":"2025-11-04T14:54:22","date_gmt":"2025-11-04T14:54:22","guid":{"rendered":"https:\/\/www.europesays.com\/pt\/139351\/"},"modified":"2025-11-04T14:54:22","modified_gmt":"2025-11-04T14:54:22","slug":"bombeira-gravida-agredida-no-quartel-em-barcelos","status":"publish","type":"post","link":"https:\/\/www.europesays.com\/pt\/139351\/","title":{"rendered":"Bombeira gr\u00e1vida agredida no quartel em Barcelos"},"content":{"rendered":"<p data-remotead-prev-elm=\"true\" data-remotead-elm-id=\"inread\">Segundo o que o JN apurou junto de fonte da corpora\u00e7\u00e3o, o incidente ocorreu por volta das 14.45 horas, quando a agressora, esposa de um bombeiro e m\u00e3e de outra operacional, entrou na central de comunica\u00e7\u00f5es e atacou a v\u00edtima. Outros colegas presentes intervieram rapidamente, impedindo que as agress\u00f5es continuassem.<\/p>\n<p>A bombeira foi transportada para o hospital de Barcelos, onde recebeu assist\u00eancia m\u00e9dica e formalizou queixa junto da PSP local.<\/p>\n<p>Ir\u00e1 decorrer, tamb\u00e9m, um inqu\u00e9rito interno para apurar o sucedido.<\/p>\n","protected":false},"excerpt":{"rendered":"Segundo o que o JN apurou junto de fonte da corpora\u00e7\u00e3o, o incidente ocorreu por volta das 14.45&hellip;\n","protected":false},"author":2,"featured_media":139352,"comment_status":"","ping_status":"","sticky":false,"template":"","format":"standard","meta":{"footnotes":""},"categories":[8],"tags":[23243,627,27,28,21189,15,16,14,25,26,21,22,12,13,19,20,32,23,24,33,17,18,29,30,31],"class_list":{"0":"post-139351","1":"post","2":"type-post","3":"status-publish","4":"format-standard","5":"has-post-thumbnail","7":"category-principais-noticias","8":"tag-agressoes","9":"tag-bombeiros","10":"tag-breaking-news","11":"tag-breakingnews","12":"tag-concelho-barcelos","13":"tag-featured-news","14":"tag-featurednews","15":"tag-headlines","16":"tag-latest-news","17":"tag-latestnews","18":"tag-main-news","19":"tag-mainnews","20":"tag-news","21":"tag-noticias","22":"tag-noticias-principais","23":"tag-noticiasprincipais","24":"tag-portugal","25":"tag-principais-noticias","26":"tag-principaisnoticias","27":"tag-pt","28":"tag-top-stories","29":"tag-topstories","30":"tag-ultimas","31":"tag-ultimas-noticias","32":"tag-ultimasnoticias"},"share_on_mastodon":{"url":"https:\/\/pubeurope.com\/@pt\/115492006453832160","error":""},"_links":{"self":[{"href":"https:\/\/www.europesays.com\/pt\/wp-json\/wp\/v2\/posts\/139351","targetHints":{"allow":["GET"]}}],"collection":[{"href":"https:\/\/www.europesays.com\/pt\/wp-json\/wp\/v2\/posts"}],"about":[{"href":"https:\/\/www.europesays.com\/pt\/wp-json\/wp\/v2\/types\/post"}],"author":[{"embeddable":true,"href":"https:\/\/www.europesays.com\/pt\/wp-json\/wp\/v2\/users\/2"}],"replies":[{"embeddable":true,"href":"https:\/\/www.europesays.com\/pt\/wp-json\/wp\/v2\/comments?post=139351"}],"version-history":[{"count":0,"href":"https:\/\/www.europesays.com\/pt\/wp-json\/wp\/v2\/posts\/139351\/revisions"}],"wp:featuredmedia":[{"embeddable":true,"href":"https:\/\/www.europesays.com\/pt\/wp-json\/wp\/v2\/media\/139352"}],"wp:attachment":[{"href":"https:\/\/www.europesays.com\/pt\/wp-json\/wp\/v2\/media?parent=139351"}],"wp:term":[{"taxonomy":"category","embeddable":true,"href":"https:\/\/www.europesays.com\/pt\/wp-json\/wp\/v2\/categories?post=139351"},{"taxonomy":"post_tag","embeddable":true,"href":"https:\/\/www.europesays.com\/pt\/wp-json\/wp\/v2\/tags?post=139351"}],"curies":[{"name":"wp","href":"https:\/\/api.w.org\/{rel}","templated":true}]}}