{"id":139363,"date":"2025-11-04T15:02:10","date_gmt":"2025-11-04T15:02:10","guid":{"rendered":"https:\/\/www.europesays.com\/pt\/139363\/"},"modified":"2025-11-04T15:02:10","modified_gmt":"2025-11-04T15:02:10","slug":"aprovada-criacao-do-dia-nacional-de-conscientizacao-sobre-doencas-renais-senado-noticias","status":"publish","type":"post","link":"https:\/\/www.europesays.com\/pt\/139363\/","title":{"rendered":"Aprovada cria\u00e7\u00e3o do Dia Nacional de Conscientiza\u00e7\u00e3o sobre Doen\u00e7as Renais \u2014 Senado Not\u00edcias"},"content":{"rendered":"<p>O projeto de lei que cria o Dia Nacional de Conscientiza\u00e7\u00e3o sobre as Doen\u00e7as Renais foi aprovado nesta ter\u00e7a-feira (4) em decis\u00e3o final na Comiss\u00e3o de Educa\u00e7\u00e3o (CE). O <a href=\"https:\/\/www25.senado.leg.br\/web\/atividade\/materias\/-\/materia\/153055\" rel=\"noopener nofollow\" target=\"_blank\">PL 1.209\/2022<\/a>, do senador Rom\u00e1rio (PL-RJ), teve parecer favor\u00e1vel do relator, senador Dr. Hiran (PP-RR), e segue para a C\u00e2mara dos Deputados.\u00a0<\/p>\n<p>Pela proposta, a data ser\u00e1 celebrada anualmente na segunda quinta-feira de mar\u00e7o. Os \u00f3rg\u00e3os p\u00fablicos respons\u00e1veis pela implementa\u00e7\u00e3o de pol\u00edticas p\u00fablicas para pessoas com doen\u00e7a renal, em conjunto com organiza\u00e7\u00f5es da sociedade civil, ficar\u00e3o respons\u00e1veis por a\u00e7\u00f5es e eventos destinados \u00e0 preven\u00e7\u00e3o, ao diagn\u00f3stico precoce e \u00e0 divulga\u00e7\u00e3o das terapias renais substitutivas, especialmente o incentivo \u00e0 doa\u00e7\u00e3o de rins para transplante.<\/p>\n<p><b>Causas<\/b><\/p>\n<p>Os principais fatores de risco para desenvolvimento da doen\u00e7a renal cr\u00f4nica, segundo o Minist\u00e9rio da Sa\u00fade, s\u00e3o a hipertens\u00e3o e o diabetes. Por isso, al\u00e9m do controle e tratamento dos fatores de risco, \u00e9 necess\u00e1rio que a popula\u00e7\u00e3o possa ter acesso ao diagn\u00f3stico precoce, o que poder\u00e1 retardar a progress\u00e3o das les\u00f5es renais e facilitar a recupera\u00e7\u00e3o dos doentes, por meio do tratamento adequado.<\/p>\n<p>Dr. Hiran destacou que os gastos com procedimentos ambulatoriais relacionados \u00e0 doen\u00e7a renal cr\u00f4nica no \u00e2mbito do Sistema \u00danico de Sa\u00fade (SUS) somaram R$ 7,7 bilh\u00f5es entre 2022 e 2023, superando, inclusive, os valores despendidos com tratamentos e cirurgias oncol\u00f3gicas. Segundo ele, os custos indiretos, como a perda de produtividade e os impactos sobre a qualidade de vida dos pacientes, tamb\u00e9m devem ser considerados.\u00a0<\/p>\n<p>\u2014 N\u00f3s sabemos que hipertens\u00e3o e diabetes s\u00e3o as doen\u00e7as que mais lotam os nossos hospitais e nossas cl\u00ednicas de hemodi\u00e1lise, de forma que tudo o que n\u00f3s pudermos fazer para chamar aten\u00e7\u00e3o da sociedade, para que elas tenham uma vida mais saud\u00e1vel, que controlem hipertens\u00e3o e diabetes, \u00e9 importante para que n\u00f3s possamos mitigar os casos de interna\u00e7\u00e3o e de doen\u00e7as renais, muito comuns no processo de mau controle dessas doen\u00e7as. \u00a0<\/p>\n<p><b>Data mundial<\/b><\/p>\n<p>A data na segunda quinta-feira de mar\u00e7o foi escolhida por Rom\u00e1rio para coincidir com a celebra\u00e7\u00e3o do Dia Mundial do Rim, idealizado pela International Society of Nephrology e coordenado, no Brasil, pela Sociedade Brasileira de Nefrologia.<\/p>\n<p>O principal objetivo desse evento \u00e9 a conscientiza\u00e7\u00e3o sobre o aumento da preval\u00eancia das doen\u00e7as renais em todo o mundo e sobre a necessidade de que sejam desenvolvidas estrat\u00e9gias para a preven\u00e7\u00e3o e o gerenciamento dessas doen\u00e7a.<\/p>\n<p class=\"text-muted\">Ag\u00eancia Senado (Reprodu\u00e7\u00e3o autorizada mediante cita\u00e7\u00e3o da Ag\u00eancia Senado)<\/p>\n","protected":false},"excerpt":{"rendered":"O projeto de lei que cria o Dia Nacional de Conscientiza\u00e7\u00e3o sobre as Doen\u00e7as Renais foi aprovado nesta&hellip;\n","protected":false},"author":2,"featured_media":139364,"comment_status":"","ping_status":"","sticky":false,"template":"","format":"standard","meta":{"footnotes":""},"categories":[86],"tags":[11151,116,32,33,117,21424],"class_list":{"0":"post-139363","1":"post","2":"type-post","3":"status-publish","4":"format-standard","5":"has-post-thumbnail","7":"category-saude","8":"tag-doencas-cronicas","9":"tag-health","10":"tag-portugal","11":"tag-pt","12":"tag-saude","13":"tag-sistema-unico-de-saude-sus"},"share_on_mastodon":{"url":"https:\/\/pubeurope.com\/@pt\/115492037782778973","error":""},"_links":{"self":[{"href":"https:\/\/www.europesays.com\/pt\/wp-json\/wp\/v2\/posts\/139363","targetHints":{"allow":["GET"]}}],"collection":[{"href":"https:\/\/www.europesays.com\/pt\/wp-json\/wp\/v2\/posts"}],"about":[{"href":"https:\/\/www.europesays.com\/pt\/wp-json\/wp\/v2\/types\/post"}],"author":[{"embeddable":true,"href":"https:\/\/www.europesays.com\/pt\/wp-json\/wp\/v2\/users\/2"}],"replies":[{"embeddable":true,"href":"https:\/\/www.europesays.com\/pt\/wp-json\/wp\/v2\/comments?post=139363"}],"version-history":[{"count":0,"href":"https:\/\/www.europesays.com\/pt\/wp-json\/wp\/v2\/posts\/139363\/revisions"}],"wp:featuredmedia":[{"embeddable":true,"href":"https:\/\/www.europesays.com\/pt\/wp-json\/wp\/v2\/media\/139364"}],"wp:attachment":[{"href":"https:\/\/www.europesays.com\/pt\/wp-json\/wp\/v2\/media?parent=139363"}],"wp:term":[{"taxonomy":"category","embeddable":true,"href":"https:\/\/www.europesays.com\/pt\/wp-json\/wp\/v2\/categories?post=139363"},{"taxonomy":"post_tag","embeddable":true,"href":"https:\/\/www.europesays.com\/pt\/wp-json\/wp\/v2\/tags?post=139363"}],"curies":[{"name":"wp","href":"https:\/\/api.w.org\/{rel}","templated":true}]}}