{"id":139369,"date":"2025-11-04T15:09:17","date_gmt":"2025-11-04T15:09:17","guid":{"rendered":"https:\/\/www.europesays.com\/pt\/139369\/"},"modified":"2025-11-04T15:09:17","modified_gmt":"2025-11-04T15:09:17","slug":"fernando-mendes-chora-morte-selfie","status":"publish","type":"post","link":"https:\/\/www.europesays.com\/pt\/139369\/","title":{"rendered":"Fernando Mendes chora morte &#8211; SELFIE"},"content":{"rendered":"<p>Fernando Mendes perdeu um dos grande amigos e tamb\u00e9m agente do apresentador, Paulo Martins.<\/p>\n<p>A not\u00edcia da morte e Paulo Martins foi dada no Instagram pelo ator <a href=\"https:\/\/selfie.iol.pt\/famosos\/paulo-martins\/marta-andrino-e-frederico-amaral-recebem-tristissima-noticia-a-vida-e-mesmo-um-sopro\/20251104\/6909c8dad34e3caad84addf9\" target=\"_blank\" rel=\"nofollow noopener\">Frederico Amaral<\/a>.<\/p>\n<p>\u00a0&#8220;\u00c9 com grande tristeza que te vemos partir, amigo Paulo Martins. Um grande ser humano, um grande amigo sempre pronto a ajudar, um grande produtor de todas as frentes!! Guardo na mem\u00f3ria os bons tempos que passamos a correr o pa\u00eds e al\u00e9m fronteiras a fazermos o que mais gostamos, teatro. E de todos os bastidores dos anos que trabalhamos juntos. Obrigado, por tudo!! Foste enorme nesta vida e vais fazer falta a tanta gente!&#8221;, come\u00e7ou por escrever o ator, antes de deixar uma mensagem de condol\u00eancias \u00e0 fam\u00edlia e amigos de Paulo Martins: &#8220;Um abra\u00e7o sentido \u00e0 sua fam\u00edlia, filho e amigos por esta perda irrepar\u00e1vel. Um especial a ti Marta Ribeiro Quelhas e a ti Fernando Mendes. Com isto refor\u00e7o a ideia que a vida \u00e9 mesmo um sopro\u2026 aproveitemos com alegria cada segundo desta fr\u00e1gil viagem. At\u00e9 sempre, Paulinho.&#8221;<\/p>\n<blockquote class=\"instagram-media\" data-instgrm-captioned=\"\" data-instgrm-permalink=\"https:\/\/www.instagram.com\/p\/DQms2OVDKrv\/?utm_source=ig_embed&amp;utm_campaign=loading\" data-instgrm-version=\"14\" style=\" background:#FFF; border:0; border-radius:3px; box-shadow:0 0 1px 0 rgba(0,0,0,0.5),0 1px 10px 0 rgba(0,0,0,0.15); margin: 1px; max-width:540px; min-width:326px; padding:0; width:99.375%; width:-webkit-calc(100% - 2px); width:calc(100% - 2px);\">\n<\/blockquote>\n<p>                        <script async src=\"\/\/www.instagram.com\/embed.js\"><\/script><\/p>\n","protected":false},"excerpt":{"rendered":"Fernando Mendes perdeu um dos grande amigos e tamb\u00e9m agente do apresentador, Paulo Martins. A not\u00edcia da morte&hellip;\n","protected":false},"author":2,"featured_media":139370,"comment_status":"","ping_status":"","sticky":false,"template":"","format":"standard","meta":{"footnotes":""},"categories":[145],"tags":[6973,211,210,114,115,980,31043,1339,7804,16628,619,32,33,420,1012],"class_list":{"0":"post-139369","1":"post","2":"type-post","3":"status-publish","4":"format-standard","5":"has-post-thumbnail","7":"category-celebridades","8":"tag-apresentador","9":"tag-celebridades","10":"tag-celebrities","11":"tag-entertainment","12":"tag-entretenimento","13":"tag-famosos","14":"tag-fernando-mendes","15":"tag-luto","16":"tag-morreu","17":"tag-mortes-2025","18":"tag-nacional","19":"tag-portugal","20":"tag-pt","21":"tag-rtp","22":"tag-selfie"},"share_on_mastodon":{"url":"https:\/\/pubeurope.com\/@pt\/115492065279996575","error":""},"_links":{"self":[{"href":"https:\/\/www.europesays.com\/pt\/wp-json\/wp\/v2\/posts\/139369","targetHints":{"allow":["GET"]}}],"collection":[{"href":"https:\/\/www.europesays.com\/pt\/wp-json\/wp\/v2\/posts"}],"about":[{"href":"https:\/\/www.europesays.com\/pt\/wp-json\/wp\/v2\/types\/post"}],"author":[{"embeddable":true,"href":"https:\/\/www.europesays.com\/pt\/wp-json\/wp\/v2\/users\/2"}],"replies":[{"embeddable":true,"href":"https:\/\/www.europesays.com\/pt\/wp-json\/wp\/v2\/comments?post=139369"}],"version-history":[{"count":0,"href":"https:\/\/www.europesays.com\/pt\/wp-json\/wp\/v2\/posts\/139369\/revisions"}],"wp:featuredmedia":[{"embeddable":true,"href":"https:\/\/www.europesays.com\/pt\/wp-json\/wp\/v2\/media\/139370"}],"wp:attachment":[{"href":"https:\/\/www.europesays.com\/pt\/wp-json\/wp\/v2\/media?parent=139369"}],"wp:term":[{"taxonomy":"category","embeddable":true,"href":"https:\/\/www.europesays.com\/pt\/wp-json\/wp\/v2\/categories?post=139369"},{"taxonomy":"post_tag","embeddable":true,"href":"https:\/\/www.europesays.com\/pt\/wp-json\/wp\/v2\/tags?post=139369"}],"curies":[{"name":"wp","href":"https:\/\/api.w.org\/{rel}","templated":true}]}}