{"id":139395,"date":"2025-11-04T15:37:09","date_gmt":"2025-11-04T15:37:09","guid":{"rendered":"https:\/\/www.europesays.com\/pt\/139395\/"},"modified":"2025-11-04T15:37:09","modified_gmt":"2025-11-04T15:37:09","slug":"a-super-lua-dourada-de-novembro-vai-ser-a-maior-e-a-mais-luminosa-do-ano-2","status":"publish","type":"post","link":"https:\/\/www.europesays.com\/pt\/139395\/","title":{"rendered":"A super-Lua dourada de Novembro vai ser a maior e a mais luminosa do ano"},"content":{"rendered":"<p class=\"description\">Assine a revista National Geographic agora por apenas <b>1\u20ac por m\u00eas<\/b>.<\/p>\n<p>No dia 4 de Novembro, a Lua dar\u00e1 o espect\u00e1culo mais luminoso do ano. \u00c9 a segunda de uma s\u00e9rie de tr\u00eas super-luas consecutivas que encerram 2025.<\/p>\n<p>Por vezes, apelidada de <strong>\u201cLua do Castor\u201d<\/strong>, o nome desta lua cheia \u2013 com origem nas tradi\u00e7\u00f5es de v\u00e1rios povos ind\u00edgenas da <strong>Am\u00e9rica do Norte<\/strong> \u2013 assinala a esta\u00e7\u00e3o em que os castores constroem as suas moradas de Inverno e quando os ca\u00e7adores costumavam montar as suas armadilhas, antes de os rios congelarem.<\/p>\n<p>A diferen\u00e7a de tamanho pode ser subtil a olho nu, mas<strong> o brilho adicional ser\u00e1 inconfund\u00edvel<\/strong> \u2013 suficiente para projectar sombras t\u00e9nues e iluminar a noite desde o p\u00f4r at\u00e9 ao nascer do Sol.<\/p>\n<p><strong>Por que raz\u00e3o esta Super Lua se destaca<\/strong><\/p>\n<p>A lua cheia desta semana n\u00e3o se limita a estar perto de n\u00f3s \u2013 orbitar\u00e1 cerca de <strong>27.000 quil\u00f3metros mais pr\u00f3xima da Terra<\/strong> do que a m\u00e9dia e isso far\u00e1 com que pare\u00e7a cerca de sete por cento maior e at\u00e9 16 por cento mais luminosa do que uma lua cheia t\u00edpica.<\/p>\n<p>As super-luas ocorrem quando a Lua fica cheia enquanto se encontra no perigeu, o ponto da sua \u00f3rbita el\u00edptica mais pr\u00f3ximo da Terra. O termo t\u00e9cnico para este alinhamento \u00e9 <strong>lua cheia no perigeu<\/strong>.<\/p>\n<p>Mas nem todas as super-luas nascem iguais. Algumas ocorrem quando a Lua est\u00e1 quase no perigeu, mas<strong> n\u00e3o perfeitamente alinhada<\/strong> com a fase cheia, que diminui o seu tamanho aparente e luminosidade. Quando a Lua se encontra no apogeu \u2013 o ponto da sua \u00f3rbita mais distante da Terra \u2013 o resultado \u00e9 uma micro-Lua cheia mais pequena e mais p\u00e1lida.<\/p>\n<p>&#13;<img decoding=\"async\" src=\"https:\/\/www.europesays.com\/pt\/wp-content\/uploads\/2025\/11\/lua-do-castor_27fce65d_251103113140_800x800.webp.webp\" alt=\"Lua do castor\" class=\"image lazyload\"\/><\/p>\n<p>A Lua de Novembro, por\u00e9m, ficar\u00e1 <strong>cheia praticamente na mesma altura em que ocorre a sua maior aproxima\u00e7\u00e3o \u00e0 Terra<\/strong>, criando a combina\u00e7\u00e3o ideal para um espect\u00e1culo impressionante. O brilho adicional \u00e9 suficiente para ofuscar a luz das estrelas mais p\u00e1lidas e at\u00e9 para projectar sombras t\u00e9nues no solo, um efeito raro que s\u00f3 \u00e9 vis\u00edvel durante as super-luas mais intensas. A Lua n\u00e3o voltar\u00e1 a aparecer t\u00e3o grande e luminosa<strong> at\u00e9 24 de Novembro de 2026<\/strong>, data em que a pr\u00f3xima \u201cLua do Castor\u201d alcan\u00e7ar\u00e1 um ponto similarmente pr\u00f3ximo na sua \u00f3rbita.<\/p>\n<p><strong>Dicas para ver e fotografar a Super Lua<\/strong><\/p>\n<p>N\u00e3o \u00e9 necess\u00e1rio equipamento especial para observar esta super-Lua, mas estas dicas podem ajud\u00e1-lo a desfrutar melhor da experi\u00eancia. Embora a Lua s\u00f3 alcance oficialmente a fase cheia no <strong>dia 5 de Novembro \u00e0s 13h19<\/strong>, a altura mais m\u00e1gica para a admirar \u00e9 na primeira hora imediatamente ap\u00f3s ela surgir sobre o horizonte, a nascente.<\/p>\n<p>Nesse \u00e2ngulo baixo, a <strong>\u201cilus\u00e3o da Lua\u201d<\/strong> f\u00e1-la parecer maior do que realmente \u00e9 \u2013 um truque \u00f3ptico que ocorre quando os nossos c\u00e9rebros comparam a Lua com pontos de refer\u00eancia como \u00e1rvores ou edif\u00edcios. A sua posi\u00e7\u00e3o baixa d\u00e1-lhe um brilho dourado ou alaranjado, causado pela atmosfera terrestre, que dispersa os comprimentos de onda azuis, mais curtos, deixando os tons mais quentes predominarem.<\/p>\n<p><strong>Para os fot\u00f3grafos, o nascer da lua \u00e9 uma oportunidade perfeita para captar retratos lunares dram\u00e1ticos<\/strong>, enquadrados por paisagens terrestres iluminadas pelo luar. At\u00e9 com um simples smartphone, vale a pena experimentar captar as silhuetas de \u00e1rvores, terra\u00e7os ou pessoas no primeiro plano, que acrescentam escala e drama \u00e0s imagens.<\/p>\n<p><strong>Vistas adicionais<\/strong><\/p>\n<p>Ao longo da noite, a Lua aparecer\u00e1 na brilhante <strong>constela\u00e7\u00e3o zodiacal do Touro<\/strong>. A olho nu, o seu brilho poder\u00e1 ofuscar as estrelas aparentemente pr\u00f3ximas no c\u00e9u, mas se tapar a Lua com o seu polegar ou utilizar bin\u00f3culos, poder\u00e1 procurar a <strong>estrela cor de laranja Aldebar\u00e3<\/strong>, uma gigante vermelha situada a cerca de 65 anos-luz que \u00e9 o olho incandescente do touro.<\/p>\n<p>Entre a Lua e Aldebar\u00e3 encontra-se uma das vistas mais famosas do c\u00e9u: as <strong>Pl\u00eaiades, ou Sete Irm\u00e3s<\/strong>, um aglomerado brilhante de estrelas situado aproximadamente a 330 anos-luz da Terra. Os tr\u00eas objectos \u2013 a Lua, Aldebar\u00e3 e as Pl\u00eaiades \u2013 formam um<strong> tri\u00e2ngulo celeste impressionante<\/strong>, que permanece vis\u00edvel durante grande parte da noite.<\/p>\n<p>&#13;<img decoding=\"async\" src=\"https:\/\/www.europesays.com\/pt\/wp-content\/uploads\/2025\/11\/momento-de-preparacao-para-levar-de-novo-exploradores-a-lua_4b58bdef_250929173928_800x800.webp.webp\" alt=\"Momento de prepara\u00e7\u00e3o para levar de novo exploradores \u00e0 Lua\" class=\"image lazyload\"\/><\/p>\n<p>Por isso, quando olharmos para a companheira celeste da Terra, \u00e9 importante pensarmos na forma como os ciclos naturais nos ligam tanto \u00e0 ci\u00eancia como aos ritmos ancestrais do nosso universo.<\/p>\n","protected":false},"excerpt":{"rendered":"Assine a revista National Geographic agora por apenas 1\u20ac por m\u00eas. No dia 4 de Novembro, a Lua&hellip;\n","protected":false},"author":2,"featured_media":139180,"comment_status":"","ping_status":"","sticky":false,"template":"","format":"standard","meta":{"footnotes":""},"categories":[84],"tags":[109,107,108,734,736,733,735,32,33,105,103,104,106,110,737],"class_list":{"0":"post-139395","1":"post","2":"type-post","3":"status-publish","4":"format-standard","5":"has-post-thumbnail","7":"category-ciencia-e-tecnologia","8":"tag-ciencia","9":"tag-ciencia-e-tecnologia","10":"tag-cienciaetecnologia","11":"tag-geographic","12":"tag-historia","13":"tag-national","14":"tag-naturaleza","15":"tag-portugal","16":"tag-pt","17":"tag-science","18":"tag-science-and-technology","19":"tag-scienceandtechnology","20":"tag-technology","21":"tag-tecnologia","22":"tag-viajes"},"share_on_mastodon":{"url":"https:\/\/pubeurope.com\/@pt\/115492175820546539","error":""},"_links":{"self":[{"href":"https:\/\/www.europesays.com\/pt\/wp-json\/wp\/v2\/posts\/139395","targetHints":{"allow":["GET"]}}],"collection":[{"href":"https:\/\/www.europesays.com\/pt\/wp-json\/wp\/v2\/posts"}],"about":[{"href":"https:\/\/www.europesays.com\/pt\/wp-json\/wp\/v2\/types\/post"}],"author":[{"embeddable":true,"href":"https:\/\/www.europesays.com\/pt\/wp-json\/wp\/v2\/users\/2"}],"replies":[{"embeddable":true,"href":"https:\/\/www.europesays.com\/pt\/wp-json\/wp\/v2\/comments?post=139395"}],"version-history":[{"count":0,"href":"https:\/\/www.europesays.com\/pt\/wp-json\/wp\/v2\/posts\/139395\/revisions"}],"wp:featuredmedia":[{"embeddable":true,"href":"https:\/\/www.europesays.com\/pt\/wp-json\/wp\/v2\/media\/139180"}],"wp:attachment":[{"href":"https:\/\/www.europesays.com\/pt\/wp-json\/wp\/v2\/media?parent=139395"}],"wp:term":[{"taxonomy":"category","embeddable":true,"href":"https:\/\/www.europesays.com\/pt\/wp-json\/wp\/v2\/categories?post=139395"},{"taxonomy":"post_tag","embeddable":true,"href":"https:\/\/www.europesays.com\/pt\/wp-json\/wp\/v2\/tags?post=139395"}],"curies":[{"name":"wp","href":"https:\/\/api.w.org\/{rel}","templated":true}]}}