{"id":13940,"date":"2025-08-03T08:36:08","date_gmt":"2025-08-03T08:36:08","guid":{"rendered":"https:\/\/www.europesays.com\/pt\/13940\/"},"modified":"2025-08-03T08:36:08","modified_gmt":"2025-08-03T08:36:08","slug":"7-simples-da-vida-um-conceito-para-beneficiar-o-corpo-da-cabeca-aos-pes","status":"publish","type":"post","link":"https:\/\/www.europesays.com\/pt\/13940\/","title":{"rendered":"7 Simples da Vida, um conceito para beneficiar o corpo da cabe\u00e7a aos p\u00e9s"},"content":{"rendered":"<p class=\"texto\">Cabe\u00e7a, tronco, joelho e p\u00e9: assim como na m\u00fasica infantil, a sa\u00fade \u00e9, muitas vezes, estratificada. Sete passos simples, por\u00e9m, podem contribuir com o organismo de forma global, segundo uma revis\u00e3o de quase 500 estudos\u00a0publicada pela Associa\u00e7\u00e3o Norte-Americana do Cora\u00e7\u00e3o (AHA). Tr\u00eas comportamentos \u2014 n\u00e3o fumar, aderir a uma alimenta\u00e7\u00e3o saud\u00e1vel e ser ativo \u2014 al\u00e9m do controle de quatro fatores cl\u00ednicos \u2014 \u00edndice de massa corporal, colesterol, glicemia e press\u00e3o arterial \u2014 favorecem n\u00e3o apenas o cora\u00e7\u00e3o, mas garantem que outros \u00f3rg\u00e3os, como c\u00e9rebro, olhos e m\u00fasculos sejam beneficiados.<\/p>\n<p class=\"texto\">\u00a0<\/p>\n<p class=\"texto\">O 7 Simples da Vida (Life&#8217;s Simple 7, em tradu\u00e7\u00e3o livre) \u00e9 um conceito proposto h\u00e1 15 anos pela AHA, para avaliar e promover a sa\u00fade cardiovascular. A ideia \u00e9 priorizar a preven\u00e7\u00e3o, mais do que o tratamento de doen\u00e7as, e estimular uma mudan\u00e7a de comportamento com base em sete metas alcan\u00e7\u00e1veis. Recentemente, a Associa\u00e7\u00e3o atualizou as recomenda\u00e7\u00f5es e incluiu um oitavo fator \u2014 o sono de qualidade, com base no reconhecimento cada vez maior de que dormir bem \u00e9 um fator-chave para o funcionamento da mente e do corpo.<\/p>\n<p class=\"texto\">Em um estudo publicado na Jaha, a revista da sociedade m\u00e9dica, um estudo da Universidade de Emory, nos Estados Unidos, concluiu que o estilo de vida proposto pelos 7 Simples resulta, como o esperado, em um risco significativamente menor de desenvolvimento de doen\u00e7as cardiovasculares, como infarto e acidente vascular cerebral (AVC). Estar pr\u00f3ximo \u00e0s metas, por\u00e9m, tamb\u00e9m mostrou-se eficaz para a menor incid\u00eancia de c\u00e2ncer, diabetes, dem\u00eancia, depress\u00e3o, doen\u00e7as hep\u00e1ticas, renais e oftalmol\u00f3gicas, entre outros. &#8220;Os efeitos positivos v\u00e3o da cabe\u00e7a aos p\u00e9s&#8221;, escrevem os autores.<\/p>\n<p class=\"texto\"><strong>Medicamentos<\/strong><\/p>\n<p class=\"texto\">Segundo a an\u00e1lise, quanto mais alto o escore cardiovascular \u2014 medido pela pontua\u00e7\u00e3o no 7 Simples \u2014, menor o uso dos servi\u00e7os de sa\u00fade e o gasto com medicamentos. Al\u00e9m disso, maior a expectativa e a qualidade de vida, incluindo a independ\u00eancia f\u00edsica na velhice. Em um dos estudos avaliados, manter ao menos tr\u00eas m\u00e9tricas no n\u00edvel ideal foi suficiente para reduzir o risco de eventos card\u00edacos, mesmo entre pessoas com alto risco gen\u00e9tico. &#8220;Esses resultados indicam que o estilo de vida pode superar a gen\u00e9tica&#8221;, destaca Liliana Aguayo, autora principal da revis\u00e3o. &#8220;A mensagem \u00e9 clara: nunca \u00e9 tarde para melhorar sua sa\u00fade cardiovascular.&#8221;<\/p>\n<p class=\"texto\">O cardiologista Firmino Haag, coordenador de Cardiologia do Hospital Albert Sabin (HAS), acredita que o 7 Simples \u00e9 uma ferramenta poderosa para motivar pacientes, especialmente os com dificuldade em modificar h\u00e1bitos. &#8220;Para usar essa informa\u00e7\u00e3o de maneira eficaz, \u00e9 necess\u00e1rio enfatizar que as melhorias ser\u00e3o graduais, estabelecer metas acess\u00edveis,\u00a0 refor\u00e7ar a rela\u00e7\u00e3o entre esfor\u00e7o e benef\u00edcio, al\u00e9m de personalizar o planejamento, facilitando a ades\u00e3o&#8221;, diz. &#8220;Essas abordagens refor\u00e7am que qualquer avan\u00e7o, mesmo que pequeno, \u00e9 valioso e que o esfor\u00e7o cumulativo leva a benef\u00edcios significativos, incentivando os pacientes a perseverar na mudan\u00e7a de h\u00e1bitos.&#8221;<\/p>\n<p class=\"texto\">A ado\u00e7\u00e3o de comportamentos saud\u00e1veis beneficia at\u00e9 a vis\u00e3o, confirma a oftalmologista Nubia Vanessa, do CBV-Hospital de Olhos. &#8220;H\u00e1bitos como exerc\u00edcio f\u00edsico, alimenta\u00e7\u00e3o e sono adequado garantem uma fonte de energia adequada, al\u00e9m de vitaminas e minerais, que melhoram a sa\u00fade ocular, pois h\u00e1 um fluxo sangu\u00edneo melhor, um aprimoramento no aporte de oxig\u00eanio nos olhos&#8221;, diz. &#8220;O diabetes, por exemplo, \u00e9 uma doen\u00e7a que pode causar retinopatia, levando \u00e0 perda irrevers\u00edvel da vis\u00e3o ou \u00e0 diminui\u00e7\u00e3o da qualidade visual. Mas se voc\u00ea tem a doen\u00e7a e passa a fazer exerc\u00edcios e a melhorar a alimenta\u00e7\u00e3o, \u00e9 poss\u00edvel elevar a qualidade da sa\u00fade dos olhos.&#8221;<\/p>\n<p>TR\u00caS PERGUNTAS PARA&#8230;<\/p>\n<p class=\"texto\"><strong>MATHEUS AZEVEDO<\/strong>, m\u00e9dico especialista em nutrologia e medicina antienvelhecimento<\/p>\n<p class=\"texto\"><strong>Como a medicina pode se tornar mais integrada, considerando que o cuidado cardiovascular impacta tantos outros sistemas do corpo?<\/strong><\/p>\n<p class=\"texto\">A medicina moderna precisa evoluir para um modelo mais integrativo e preventivo, reconhecendo que o corpo humano funciona como uma rede interconectada. A sa\u00fade cardiovascular, por exemplo, influencia diretamente o funcionamento de \u00f3rg\u00e3os como c\u00e9rebro, rins, olhos e at\u00e9 a pele. Inflama\u00e7\u00e3o sist\u00eamica, resist\u00eancia \u00e0 insulina e disfun\u00e7\u00f5es endoteliais s\u00e3o pontos comuns entre doen\u00e7as cardiometab\u00f3licas e outros dist\u00farbios cr\u00f4nicos. Portanto, uma abordagem integrada, que considere nutri\u00e7\u00e3o, estilo de vida, exames precoces e avalia\u00e7\u00e3o metab\u00f3lica ampla, \u00e9 essencial para promover a sa\u00fade global.<\/p>\n<p class=\"texto\">\t&#13;<br \/>\n  \t<img decoding=\"async\" src=\"https:\/\/www.europesays.com\/pt\/wp-content\/uploads\/2025\/08\/matheus-57704890.jpg\" alt=\"Matheus Azevedo, m\u00e9dico especialista em Nutrologia e Medicina Antienvelhecimento\" title=\"Matheus Azevedo, m\u00e9dico especialista em Nutrologia e Medicina Antienvelhecimento\" class=\"lazy\" width=\"\" height=\"\"\/>&#13;<br \/>\n  \t &#13;<br \/>\n\t\tMatheus Azevedo, m\u00e9dico especialista em Nutrologia e Medicina Antienvelhecimento&#13;<br \/>\n\t\t(foto: Bruno Van Enck\/Divulga\u00e7\u00e3o )&#13;<br \/>\n\t&#13;\n<\/p>\n<p class=\"texto\"><strong>O estudo mostra que h\u00e1 benef\u00edcios mesmo para quem atinge apenas parte das metas. Isso significa que pequenas mudan\u00e7as j\u00e1 fazem diferen\u00e7a?<\/strong><\/p>\n<p class=\"texto\">Sim. A revis\u00e3o confirma o que a pr\u00e1tica cl\u00ednica j\u00e1 evidencia: pequenas mudan\u00e7as consistentes t\u00eam impacto significativo. Melhorar o sono, iniciar uma caminhada di\u00e1ria ou reduzir o a\u00e7\u00facar j\u00e1 melhora marcadores inflamat\u00f3rios e metab\u00f3licos. Mesmo sem atingir todas as metas do Life&#8217;s Simple 7, h\u00e1 redu\u00e7\u00e3o de risco para doen\u00e7as card\u00edacas, neurol\u00f3gicas e metab\u00f3licas. A chave \u00e9 a const\u00e2ncia.<\/p>\n<p class=\"texto\"><strong>Quais s\u00e3o os principais obst\u00e1culos enfrentados por m\u00e9dicos e pacientes para atingir essas metas no dia a dia?\u00a0<\/strong><\/p>\n<p class=\"texto\">A desinforma\u00e7\u00e3o, o excesso de medicaliza\u00e7\u00e3o curativa e o pouco tempo nas consultas dificultam a personaliza\u00e7\u00e3o do cuidado. Al\u00e9m disso, o sistema de sa\u00fade, muitas vezes, n\u00e3o prioriza a preven\u00e7\u00e3o. Por parte do paciente, a rotina acelerada, o estresse, o sedentarismo digital e o f\u00e1cil acesso a alimentos ultraprocessados tornam o desafio ainda maior. A solu\u00e7\u00e3o passa por educa\u00e7\u00e3o em sa\u00fade, pol\u00edticas p\u00fablicas e um modelo cl\u00ednico mais focado em promo\u00e7\u00e3o de sa\u00fade do que apenas em tratar doen\u00e7as.\u00a0(<strong>PO<\/strong>)<\/p>\n<p>PARA AL\u00c9M DO CORA\u00c7\u00c3O<\/p>\n<p class=\"texto\">A ado\u00e7\u00e3o de um estilo de vida que prioriza a sa\u00fade cardiovascular \u00e9 ben\u00e9fica para diversos \u00f3rg\u00e3os e sistemas:\u00a0<\/p>\n<p class=\"texto\"><strong>C\u00e9rebro:<\/strong> melhora da cogni\u00e7\u00e3o e menor risco de dem\u00eancia; integridade dos volumes cerebrais, incluindo da subst\u00e2ncia branca\u00a0<\/p>\n<p class=\"texto\"><strong>Olhos:<\/strong> menor risco de retinopatia e tortuosidade arteriolar da retina (art\u00e9rias retinianas com trajetos anormais)\u00a0<\/p>\n<p class=\"texto\"><strong>Sa\u00fade auditiva:<\/strong> menor risco de perda auditiva<\/p>\n<p class=\"texto\"><strong>Sa\u00fade bucal:<\/strong> dentes mais funcionais<\/p>\n<p class=\"texto\"><strong>Sistema cardiovascular:<\/strong> preserva\u00e7\u00e3o das dimens\u00f5es e espessura do cora\u00e7\u00e3o; menos risco de calcifica\u00e7\u00e3o, aterosclerose, estenose arterial, rigidez e envelhecimento vascular. Menor probabilidade de hipertens\u00e3o e tromboembolismo venoso<\/p>\n<p class=\"texto\"><strong>Pulm\u00f5es:<\/strong> menor risco de c\u00e2ncer de pulm\u00e3o, doen\u00e7a pulmonar obstrutiva cr\u00f4nica (DPOC), pneumonia; menor exala\u00e7\u00e3o de mon\u00f3xido de carbono; al\u00e9m de maior aptid\u00e3o respirat\u00f3ria<\/p>\n<p class=\"texto\"><strong>F\u00edgado:<\/strong> menor risco de doen\u00e7a hep\u00e1tica gordurosa n\u00e3o alco\u00f3lica (DHGNA); n\u00edveis mais baixos de alanina aminotransferase (ALT) e gama-glutamil transferase (gama-GT); menos chances de ac\u00famulo de gordura no \u00f3rg\u00e3o (esteatose hep\u00e1tica)<\/p>\n<p class=\"texto\"><strong>Gl\u00e2ndulas suprarrenais:<\/strong> menor n\u00edvel de cortisol e estresse<\/p>\n<p class=\"texto\"><strong>Tecido adiposo:<\/strong> menor risco de obesidade<\/p>\n<p class=\"texto\"><strong>Rim:<\/strong> menor risco de doen\u00e7a renal cr\u00f4nica e doen\u00e7a renal terminal<\/p>\n<p class=\"texto\"><strong>P\u00e2ncreas:<\/strong> menor risco de diabetes tipo 2<\/p>\n<p class=\"texto\"><strong>M\u00fasculos:<\/strong> maior propor\u00e7\u00e3o de gordura muscular\/visceral, aptid\u00e3o muscular, for\u00e7a de preens\u00e3o palmar normalizada e n\u00edveis de massa muscular ajustados<\/p>\n<p class=\"texto\"><strong>Dedo do p\u00e9:<\/strong> menor risco de amputa\u00e7\u00f5es de extremidades<\/p>\n<p>Fonte: Associa\u00e7\u00e3o Norte-Americana do Cora\u00e7\u00e3o\u00a0<br \/>\n\u00c9 poss\u00edvel cumprir as metas em qualquer idade<\/p>\n<p dir=\"ltr\">Os resultados da avalia\u00e7\u00e3o da implementa\u00e7\u00e3o do programa 7 Simples da Vida indicam que a preval\u00eancia dos cuidados com o cora\u00e7\u00e3o \u00e9 alarmantemente baixa em praticamente todos os pa\u00edses avaliados. O estudo, da Universidade de Emory, avaliou as medidas preventivas cardiovasculares nos Estados Unidos, na Austr\u00e1lia e em alguns pa\u00edses da Europa e da \u00c1sia. De 0% a 4% da popula\u00e7\u00e3o avaliada cumpre todos os sete crit\u00e9rios no n\u00edvel considerado ideal. Mesmo a meta mais modesta \u2014 ao menos cinco fatores \u2014 raramente \u00e9 atingida.\u00a0<\/p>\n<p dir=\"ltr\">O cardiologista Fabr\u00edcio da Silva, da Amplexus Sa\u00fade Especializada, afirma que algumas metas s\u00e3o mais negligenciadas. &#8220;De maneira geral, s\u00e3o aquelas relacionadas ao sono e \u00e0 atividade f\u00edsica&#8221;, diz. &#8220;\u00c9 preciso conscientizar e educar a popula\u00e7\u00e3o em rela\u00e7\u00e3o aos benef\u00edcios de a\u00e7\u00f5es b\u00e1sicas no dia a dia para a redu\u00e7\u00e3o do risco cardiovascular. O tratamento da obesidade, da hipertens\u00e3o arterial e do diabetes s\u00e3o eixos fundamentais para o controle da sa\u00fade da popula\u00e7\u00e3o, tendo em vista o aumento da preval\u00eancia do excesso de peso entre os brasileiros. Esse fator impacta diretamente a sa\u00fade cardiovascular&#8221;, observa.\u00a0<\/p>\n<p dir=\"ltr\"><strong>Tardias<\/strong><\/p>\n<p dir=\"ltr\">No estudo, os pesquisadores observaram que, quanto mais velhas, mais as pessoas abandonam h\u00e1bitos saud\u00e1veis, acumulam peso e desenvolvem fatores de risco. Por\u00e9m, eles ressaltam que mudan\u00e7as positivas, mesmo que tardias ou modestas, j\u00e1 traduzem em benef\u00edcios significativos. Entre adultos coreanos, por exemplo, melhorar apenas um dos sete fatores reduziu em 21% a chance de doen\u00e7as cardiovasculares.\u00a0<\/p>\n<p class=\"texto\">Firmino Haag, cardiologista e coordenador da Cardiologia do Hospital Albert Sabin (HAS), destaca que \u00e9 poss\u00edvel adotar h\u00e1bitos saud\u00e1veis em qualquer idade. &#8220;Se o indiv\u00edduo deseja come\u00e7ar hoje a cuidar melhor do cora\u00e7\u00e3o, uma das mudan\u00e7as pr\u00e1ticas mais eficazes e acess\u00edveis \u00e9 aumentar a atividade f\u00edsica di\u00e1ria&#8221;, recomenda. &#8220;Pode ser algo simples, como caminhar por 10 a 15 minutos ap\u00f3s o almo\u00e7o ou jantar, aumentar o uso das escadas em vez do elevador, ou fazer alongamentos. Essa a\u00e7\u00e3o ajuda a melhorar o controle da press\u00e3o arterial, o colesterol e o peso, al\u00e9m de reduzir o risco de doen\u00e7as cardiovasculares de forma geral.&#8221;\u00a0<strong>(PO)<\/strong><\/p>\n<p>Para al\u00e9m do cora\u00e7\u00e3o <\/p>\n<p class=\"texto\">A ado\u00e7\u00e3o de um estilo de vida que prioriza a sa\u00fade cardiovascular \u00e9 ben\u00e9fica para diversos \u00f3rg\u00e3os e sistemas:\u00a0<\/p>\n<p class=\"texto\">C\u00e9rebro: melhora da cogni\u00e7\u00e3o e menor risco de dem\u00eancia; integridade dos volumes cerebrais, incluindo da subst\u00e2ncia branca\u00a0<\/p>\n<p class=\"texto\">Olhos: menor risco de retinopatia e tortuosidade arteriolar da retina (art\u00e9rias retinianas com trajetos anormais)\u00a0<\/p>\n<p class=\"texto\">Sa\u00fade auditiva: menor risco de perda auditiva<\/p>\n<p class=\"texto\">Sa\u00fade bucal: dentes mais funcionais<\/p>\n<p class=\"texto\">Sistema cardiovascular: preserva\u00e7\u00e3o das dimens\u00f5es e espessura do cora\u00e7\u00e3o; menos risco de calcifica\u00e7\u00e3o, aterosclerose, estenose arterial, rigidez e envelhecimento vascular. Menor probabilidade de hipertens\u00e3o e tromboembolismo venoso<\/p>\n<p class=\"texto\">Pulm\u00f5es: menor risco de c\u00e2ncer de pulm\u00e3o, doen\u00e7a pulmonar obstrutiva cr\u00f4nica (DPOC), pneumonia; menor exala\u00e7\u00e3o de mon\u00f3xido de carbono; al\u00e9m de maior aptid\u00e3o respirat\u00f3ria<\/p>\n<p class=\"texto\">F\u00edgado: menor risco de doen\u00e7a hep\u00e1tica gordurosa n\u00e3o alco\u00f3lica (DHGNA); n\u00edveis mais baixos de alanina aminotransferase (ALT) e gama-glutamil transferase (gama-GT); menos chances de ac\u00famulo de gordura no \u00f3rg\u00e3o (esteatose hep\u00e1tica)<\/p>\n<p class=\"texto\">Gl\u00e2ndulas suprarrenais: menor n\u00edvel de cortisol e estresse<\/p>\n<p class=\"texto\">Tecido adiposo: menor risco de obesidade<\/p>\n<p class=\"texto\">Rim: menor risco de doen\u00e7a renal cr\u00f4nica e doen\u00e7a renal terminal<\/p>\n<p class=\"texto\">P\u00e2ncreas: menor risco de diabetes tipo 2<\/p>\n<p class=\"texto\">M\u00fasculos: maior propor\u00e7\u00e3o de gordura muscular\/visceral, aptid\u00e3o muscular, for\u00e7a de preens\u00e3o palmar normalizada e n\u00edveis de massa muscular ajustados<\/p>\n<p class=\"texto\">Dedo do p\u00e9: menor risco de amputa\u00e7\u00f5es de extremidades<\/p>\n<p class=\"texto\">Fonte: Associa\u00e7\u00e3o Norte-Americana do Cora\u00e7\u00e3o\u00a0<\/p>\n<p>Matheus Azevedo, m\u00e9dico especialista em nutrologia e medicina antienvelhecimento<\/p>\n<p class=\"texto\">Como a medicina pode se tornar mais integrada, considerando que o cuidado cardiovascular impacta tantos outros sistemas do corpo?<\/p>\n<p class=\"texto\">A medicina moderna precisa evoluir para um modelo mais integrativo e preventivo, reconhecendo que o corpo humano funciona como uma rede interconectada. A sa\u00fade cardiovascular, por exemplo, influencia diretamente o funcionamento de \u00f3rg\u00e3os como c\u00e9rebro, rins, olhos e at\u00e9 a pele. Inflama\u00e7\u00e3o sist\u00eamica, resist\u00eancia \u00e0 insulina e disfun\u00e7\u00f5es endoteliais s\u00e3o pontos comuns entre doen\u00e7as cardiometab\u00f3licas e outros dist\u00farbios cr\u00f4nicos. Portanto, uma abordagem integrada, que considere nutri\u00e7\u00e3o, estilo de vida, exames precoces e avalia\u00e7\u00e3o metab\u00f3lica ampla, \u00e9 essencial para promover a sa\u00fade global.<\/p>\n<p class=\"texto\">O estudo mostra que h\u00e1 benef\u00edcios mesmo para quem atinge apenas parte das metas. Isso significa que pequenas mudan\u00e7as j\u00e1 fazem diferen\u00e7a?<\/p>\n<p class=\"texto\">Sim. A revis\u00e3o confirma o que a pr\u00e1tica cl\u00ednica j\u00e1 evidencia: pequenas mudan\u00e7as consistentes t\u00eam impacto significativo. Melhorar o sono, iniciar uma caminhada di\u00e1ria ou reduzir o a\u00e7\u00facar j\u00e1 melhora marcadores inflamat\u00f3rios e metab\u00f3licos. Mesmo sem atingir todas as metas do Life&#8217;s Simple 7, h\u00e1 redu\u00e7\u00e3o de risco para doen\u00e7as card\u00edacas, neurol\u00f3gicas e metab\u00f3licas. A chave \u00e9 a const\u00e2ncia.<\/p>\n<p class=\"texto\">Quais s\u00e3o os principais obst\u00e1culos enfrentados por m\u00e9dicos e pacientes para atingir essas metas no dia a dia?\u00a0<\/p>\n<p class=\"texto\">A desinforma\u00e7\u00e3o, o excesso de medicaliza\u00e7\u00e3o curativa e o pouco tempo nas consultas dificultam a personaliza\u00e7\u00e3o do cuidado. Al\u00e9m disso, o sistema de sa\u00fade, muitas vezes, n\u00e3o prioriza a preven\u00e7\u00e3o. Por parte do paciente, a rotina acelerada, o estresse, o sedentarismo digital e o f\u00e1cil acesso a alimentos ultraprocessados tornam o desafio ainda maior. A solu\u00e7\u00e3o passa por educa\u00e7\u00e3o em sa\u00fade, pol\u00edticas p\u00fablicas e um modelo cl\u00ednico mais focado em promo\u00e7\u00e3o de sa\u00fade do que apenas em tratar doen\u00e7as.\u00a0(PO)<\/p>\n<p>\u00c9 poss\u00edvel cumprir as metas em qualquer idade <\/p>\n<p dir=\"ltr\">LEG: Trocar o elevador pela escada \u00e9 uma mudan\u00e7a eficaz\u00a0<\/p>\n<p dir=\"ltr\">+++<\/p>\n<p dir=\"ltr\">Os resultados da avalia\u00e7\u00e3o da implementa\u00e7\u00e3o do programa 7 Simples da Vida indicam que a preval\u00eancia dos cuidados com o cora\u00e7\u00e3o \u00e9 alarmantemente baixa em praticamente todos os pa\u00edses avaliados. O estudo, da Universidade de Emory, avaliou as medidas preventivas cardiovasculares nos Estados Unidos, na Austr\u00e1lia e em alguns pa\u00edses da Europa e da \u00c1sia. De 0% a 4% da popula\u00e7\u00e3o avaliada cumpre todos os sete crit\u00e9rios no n\u00edvel considerado ideal. Mesmo a meta mais modesta \u2014 ao menos cinco fatores \u2014 raramente \u00e9 atingida.\u00a0<\/p>\n<p dir=\"ltr\">O cardiologista Fabr\u00edcio da Silva, da Amplexus Sa\u00fade Especializada, afirma que algumas metas s\u00e3o mais negligenciadas. \u201cDe maneira geral, s\u00e3o aquelas relacionadas ao sono e \u00e0 atividade f\u00edsica\u201d, diz. \u201c\u00c9 preciso conscientizar e educar a popula\u00e7\u00e3o em rela\u00e7\u00e3o aos benef\u00edcios de a\u00e7\u00f5es b\u00e1sicas no dia a dia para a redu\u00e7\u00e3o do risco cardiovascular. O tratamento da obesidade, da hipertens\u00e3o arterial e do diabetes s\u00e3o eixos fundamentais para o controle da sa\u00fade da popula\u00e7\u00e3o, tendo em vista o aumento da preval\u00eancia do excesso de peso entre os brasileiros. Esse fator impacta diretamente a sa\u00fade cardiovascular\u201d, observa.\u00a0<\/p>\n<p dir=\"ltr\"><strong>Tardias<\/strong><\/p>\n<p dir=\"ltr\">No estudo, os pesquisadores observaram que, quanto mais velhas, mais as pessoas abandonam h\u00e1bitos saud\u00e1veis, acumulam peso e desenvolvem fatores de risco. Por\u00e9m, eles ressaltam que mudan\u00e7as positivas, mesmo que tardias ou modestas, j\u00e1 traduzem em benef\u00edcios significativos. Entre adultos coreanos, por exemplo, melhorar apenas um dos sete fatores reduziu em 21% a chance de doen\u00e7as cardiovasculares.\u00a0<\/p>\n<p class=\"texto\">Firmino Haag, cardiologista e coordenador da Cardiologia do Hospital Albert Sabin (HAS), destaca que \u00e9 poss\u00edvel adotar h\u00e1bitos saud\u00e1veis em qualquer idade. \u201cSe o indiv\u00edduo deseja come\u00e7ar hoje a cuidar melhor do cora\u00e7\u00e3o, uma das mudan\u00e7as pr\u00e1ticas mais eficazes e acess\u00edveis \u00e9 aumentar a atividade f\u00edsica di\u00e1ria\u201d, recomenda. \u201cPode ser algo simples, como caminhar por 10 a 15 minutos ap\u00f3s o almo\u00e7o ou jantar, aumentar o uso das escadas em vez do elevador, ou fazer alongamentos. Essa a\u00e7\u00e3o ajuda a melhorar o controle da press\u00e3o arterial, o colesterol e o peso, al\u00e9m de reduzir o risco de doen\u00e7as cardiovasculares de forma geral.\u201d <strong>(PO)<\/strong><\/p>\n<p>                            <a href=\"https:\/\/www.correiobraziliense.com.br\/autor\/paloma-oliveto\/page\/1\/\" style=\"height: 100%;\" rel=\"nofollow noopener\" target=\"_blank\"><img decoding=\"async\" class=\"hidden-print author-circle d-block h6 mt-0 mb-0 mr-6 text-center\" src=\"https:\/\/www.europesays.com\/pt\/wp-content\/uploads\/2025\/08\/paloma-29858324.png\" alt=\"\" width=\"40\" height=\"40\" loading=\"lazy\" style=\"object-fit:cover; width: 40px; height: 40px; margin-right:10px;\"\/><\/a><a href=\"https:\/\/www.correiobraziliense.com.br\/autor\/paloma-oliveto\/page\/1\/\" rel=\"nofollow noopener\" target=\"_blank\"><img decoding=\"async\" class=\"hidden-print author-circle d-block h6 mt-0 mb-0 mr-6 text-center\" src=\"https:\/\/www.europesays.com\/pt\/wp-content\/uploads\/2025\/08\/paloma-29858324.png\" alt=\"\" width=\"40\" height=\"40\" loading=\"lazy\" style=\"object-fit:cover; width: 40px; height: 40px; margin-right:10px;\"\/><\/a>Paloma Oliveto  <strong class=\"entryStrongAuthor\">Rep\u00f3rter s\u00eanior<\/strong><\/p>\n<p class=\"entryDescricaoAuthor\">Formada na Universidade de Bras\u00edlia, \u00e9 especializada na cobertura de ci\u00eancia e sa\u00fade h\u00e1 mais de uma d\u00e9cada. Entre as premia\u00e7\u00f5es recebidas, est\u00e3o primeiro lugar no Grande Pr\u00eamio Ayrton Senna e men\u00e7\u00e3o honrosa no Pr\u00eamio Esso.<\/p>\n","protected":false},"excerpt":{"rendered":"Cabe\u00e7a, tronco, joelho e p\u00e9: assim como na m\u00fasica infantil, a sa\u00fade \u00e9, muitas vezes, estratificada. Sete passos&hellip;\n","protected":false},"author":2,"featured_media":13941,"comment_status":"","ping_status":"","sticky":false,"template":"","format":"standard","meta":{"footnotes":""},"categories":[86],"tags":[1493,5675,4288,1618,1490,4325,116,5676,32,33,117,5677,536],"class_list":{"0":"post-13940","1":"post","2":"type-post","3":"status-publish","4":"format-standard","5":"has-post-thumbnail","7":"category-saude","8":"tag-avc","9":"tag-caminhada","10":"tag-cerebro","11":"tag-coracao","12":"tag-envelhecimento","13":"tag-estresse","14":"tag-health","15":"tag-infarto","16":"tag-portugal","17":"tag-pt","18":"tag-saude","19":"tag-sedentarismo","20":"tag-sono"},"share_on_mastodon":{"url":"","error":""},"_links":{"self":[{"href":"https:\/\/www.europesays.com\/pt\/wp-json\/wp\/v2\/posts\/13940","targetHints":{"allow":["GET"]}}],"collection":[{"href":"https:\/\/www.europesays.com\/pt\/wp-json\/wp\/v2\/posts"}],"about":[{"href":"https:\/\/www.europesays.com\/pt\/wp-json\/wp\/v2\/types\/post"}],"author":[{"embeddable":true,"href":"https:\/\/www.europesays.com\/pt\/wp-json\/wp\/v2\/users\/2"}],"replies":[{"embeddable":true,"href":"https:\/\/www.europesays.com\/pt\/wp-json\/wp\/v2\/comments?post=13940"}],"version-history":[{"count":0,"href":"https:\/\/www.europesays.com\/pt\/wp-json\/wp\/v2\/posts\/13940\/revisions"}],"wp:featuredmedia":[{"embeddable":true,"href":"https:\/\/www.europesays.com\/pt\/wp-json\/wp\/v2\/media\/13941"}],"wp:attachment":[{"href":"https:\/\/www.europesays.com\/pt\/wp-json\/wp\/v2\/media?parent=13940"}],"wp:term":[{"taxonomy":"category","embeddable":true,"href":"https:\/\/www.europesays.com\/pt\/wp-json\/wp\/v2\/categories?post=13940"},{"taxonomy":"post_tag","embeddable":true,"href":"https:\/\/www.europesays.com\/pt\/wp-json\/wp\/v2\/tags?post=13940"}],"curies":[{"name":"wp","href":"https:\/\/api.w.org\/{rel}","templated":true}]}}